
{"id":10248,"date":"2009-05-17T19:01:37","date_gmt":"2009-05-17T18:01:37","guid":{"rendered":"http:\/\/adamczewscy.pl\/?p=2468"},"modified":"2009-05-17T19:01:37","modified_gmt":"2009-05-17T18:01:37","slug":"zapiekanka-z-brokulow-i-ziemniakow","status":"publish","type":"post","link":"https:\/\/blog.polityka.pl\/adamczewski\/2009\/05\/17\/zapiekanka-z-brokulow-i-ziemniakow\/","title":{"rendered":"Zapiekanka z broku\u0142\u00f3w i ziemniak\u00f3w"},"content":{"rendered":"<p><em>6 du\u017cych ziemniak\u00f3w, 2 \u0142y\u017cki mas\u0142a, 2 \u0142y\u017cki \u015bmietany (18-proc. ), 2 broku\u0142y, s\u00f3l, pieprz.<br \/>\nNa sos: 3 \u0142y\u017cki mas\u0142a, 3 \u0142y\u017cki m\u0105ki,  3\/4szklanki mleka, szklanka startego \u017c\u00f3\u0142tego sera.\u00a0<\/em><\/p>\n<p>1. Ziemniaki obra\u0107, pokroi\u0107 na drobne cz\u0105stki. Ugotowa\u0107 do mi\u0119kko\u015bci, odcedzi\u0107, utrze\u0107 z \u0142y\u017ck\u0105 mas\u0142a i \u015bmietan\u0105.<br \/>\n2. Broku\u0142y podzieli\u0107 na drobne r\u00f3\u017cyczki, wrzuci\u0107 na wrz\u0105c\u0105 wod\u0119, ugotowa\u0107.<br \/>\n3. W garnuszku rozpu\u015bci\u0107 mas\u0142o, mieszaj\u0105c doda\u0107 m\u0105k\u0119, kiedy spieni si\u0119 i zbieleje wla\u0107 mleko zn\u00f3w energicznie mieszaj\u0105c, doprawi\u0107 sol\u0105 i pieprzem doda\u0107 ods\u0105czone broku\u0142y, wymiesza\u0107.<br \/>\n4. Wysmarowa\u0107 naczynie \u017caroodporne \u0142y\u017ck\u0105 mas\u0142a, wy\u0142o\u017cy\u0107 warstw\u0119 utartych ziemniak\u00f3w, na nich broku\u0142y z sosem i posypa\u0107 wierzch startym serem.<br \/>\n5. Zapieka\u0107 oko\u0142o 40 minut w temperaturze 170-180 st C. Na wierzchu powinna pojawi\u0107 si\u0119 apetyczna z\u0142ocista sk\u00f3rka.<\/p>\n","protected":false},"excerpt":{"rendered":"<p>6 du\u017cych ziemniak\u00f3w, 2 \u0142y\u017cki mas\u0142a, 2 \u0142y\u017cki \u015bmietany (18-proc. ), 2 broku\u0142y, s\u00f3l, pieprz. Na sos: 3 \u0142y\u017cki mas\u0142a, 3 \u0142y\u017cki m\u0105ki, 3\/4szklanki mleka, szklanka startego \u017c\u00f3\u0142tego sera.\u00a0 1. Ziemniaki obra\u0107, pokroi\u0107 na drobne cz\u0105stki. Ugotowa\u0107 do mi\u0119kko\u015bci, odcedzi\u0107, utrze\u0107 z \u0142y\u017ck\u0105 mas\u0142a i \u015bmietan\u0105. 2. Broku\u0142y podzieli\u0107 na drobne r\u00f3\u017cyczki, wrzuci\u0107 na wrz\u0105c\u0105 [&hellip;]<\/p>\n","protected":false},"author":2,"featured_media":0,"comment_status":"open","ping_status":"open","sticky":false,"template":"","format":"standard","meta":{"footnotes":""},"categories":[1],"tags":[],"_links":{"self":[{"href":"https:\/\/blog.polityka.pl\/adamczewski\/wp-json\/wp\/v2\/posts\/10248"}],"collection":[{"href":"https:\/\/blog.polityka.pl\/adamczewski\/wp-json\/wp\/v2\/posts"}],"about":[{"href":"https:\/\/blog.polityka.pl\/adamczewski\/wp-json\/wp\/v2\/types\/post"}],"author":[{"embeddable":true,"href":"https:\/\/blog.polityka.pl\/adamczewski\/wp-json\/wp\/v2\/users\/2"}],"replies":[{"embeddable":true,"href":"https:\/\/blog.polityka.pl\/adamczewski\/wp-json\/wp\/v2\/comments?post=10248"}],"version-history":[{"count":0,"href":"https:\/\/blog.polityka.pl\/adamczewski\/wp-json\/wp\/v2\/posts\/10248\/revisions"}],"wp:attachment":[{"href":"https:\/\/blog.polityka.pl\/adamczewski\/wp-json\/wp\/v2\/media?parent=10248"}],"wp:term":[{"taxonomy":"category","embeddable":true,"href":"https:\/\/blog.polityka.pl\/adamczewski\/wp-json\/wp\/v2\/categories?post=10248"},{"taxonomy":"post_tag","embeddable":true,"href":"https:\/\/blog.polityka.pl\/adamczewski\/wp-json\/wp\/v2\/tags?post=10248"}],"curies":[{"name":"wp","href":"https:\/\/api.w.org\/{rel}","templated":true}]}}