
{"id":10250,"date":"2009-05-25T06:54:26","date_gmt":"2009-05-25T05:54:26","guid":{"rendered":"http:\/\/adamczewscy.pl\/?p=2471"},"modified":"2009-05-25T06:54:26","modified_gmt":"2009-05-25T05:54:26","slug":"francuski-letni-garnek","status":"publish","type":"post","link":"https:\/\/blog.polityka.pl\/adamczewski\/2009\/05\/25\/francuski-letni-garnek\/","title":{"rendered":"Francuski letni garnek"},"content":{"rendered":"<p><em>40 dag indyczej piersi, 3 marchwie, puszka kukurydzy, szklanka \u0142uskanego groszku lub odcedzony groszek z puszki, 30 dag fasolki szparagowej, kilka szparag\u00f3w, 2 \u0142y\u017cki mas\u0142a, szklanka \u015bmietanki 12-proc., cukier, s\u00f3l, pieprz, posiekana zielona pietruszka.\u00a0<\/em><\/p>\n<p>1. Mi\u0119so pokroi\u0107 w cienkie paski.<br \/>\n2. Marchew pokroi\u0107 w zapa\u0142k\u0119.<br \/>\n3. Fasolk\u0119, szparagi podzieli\u0107 na kilkucentymetrowe kawa\u0142ki.<br \/>\n4. Rozgrza\u0107 w garnku mas\u0142o, usma\u017cy\u0107 na nim mi\u0119so, doda\u0107 wszystkie warzywa, posypa\u0107 sol\u0105, cukrem i pieprzem, wla\u0107 \u015bmietank\u0119 i pod przykryciem gotowa\u0107 potraw\u0119 oko\u0142o 30 minut. Je\u015bli wszystkie sk\u0142adniki s\u0105 mi\u0119kkie &#8211; potrawa jest gotowa.<\/p>\n","protected":false},"excerpt":{"rendered":"<p>40 dag indyczej piersi, 3 marchwie, puszka kukurydzy, szklanka \u0142uskanego groszku lub odcedzony groszek z puszki, 30 dag fasolki szparagowej, kilka szparag\u00f3w, 2 \u0142y\u017cki mas\u0142a, szklanka \u015bmietanki 12-proc., cukier, s\u00f3l, pieprz, posiekana zielona pietruszka.\u00a0 1. Mi\u0119so pokroi\u0107 w cienkie paski. 2. Marchew pokroi\u0107 w zapa\u0142k\u0119. 3. Fasolk\u0119, szparagi podzieli\u0107 na kilkucentymetrowe kawa\u0142ki. 4. Rozgrza\u0107 w [&hellip;]<\/p>\n","protected":false},"author":2,"featured_media":0,"comment_status":"open","ping_status":"open","sticky":false,"template":"","format":"standard","meta":{"footnotes":""},"categories":[1],"tags":[],"_links":{"self":[{"href":"https:\/\/blog.polityka.pl\/adamczewski\/wp-json\/wp\/v2\/posts\/10250"}],"collection":[{"href":"https:\/\/blog.polityka.pl\/adamczewski\/wp-json\/wp\/v2\/posts"}],"about":[{"href":"https:\/\/blog.polityka.pl\/adamczewski\/wp-json\/wp\/v2\/types\/post"}],"author":[{"embeddable":true,"href":"https:\/\/blog.polityka.pl\/adamczewski\/wp-json\/wp\/v2\/users\/2"}],"replies":[{"embeddable":true,"href":"https:\/\/blog.polityka.pl\/adamczewski\/wp-json\/wp\/v2\/comments?post=10250"}],"version-history":[{"count":0,"href":"https:\/\/blog.polityka.pl\/adamczewski\/wp-json\/wp\/v2\/posts\/10250\/revisions"}],"wp:attachment":[{"href":"https:\/\/blog.polityka.pl\/adamczewski\/wp-json\/wp\/v2\/media?parent=10250"}],"wp:term":[{"taxonomy":"category","embeddable":true,"href":"https:\/\/blog.polityka.pl\/adamczewski\/wp-json\/wp\/v2\/categories?post=10250"},{"taxonomy":"post_tag","embeddable":true,"href":"https:\/\/blog.polityka.pl\/adamczewski\/wp-json\/wp\/v2\/tags?post=10250"}],"curies":[{"name":"wp","href":"https:\/\/api.w.org\/{rel}","templated":true}]}}