
{"id":10251,"date":"2009-05-25T06:55:47","date_gmt":"2009-05-25T05:55:47","guid":{"rendered":"http:\/\/adamczewscy.pl\/?p=2472"},"modified":"2009-05-25T06:55:47","modified_gmt":"2009-05-25T05:55:47","slug":"krucha-niespodzianka-z-kurczakiem-i-warzywami","status":"publish","type":"post","link":"https:\/\/blog.polityka.pl\/adamczewski\/2009\/05\/25\/krucha-niespodzianka-z-kurczakiem-i-warzywami\/","title":{"rendered":"Krucha niespodzianka z kurczakiem i warzywami"},"content":{"rendered":"<p><em>Opakowanie ciasta francuskiego, 4 kurze udka, 2 szklanki roso\u0142u drobiowego z kostki, 30 dag pieczarek, 2 \u0142y\u017cki mas\u0142a, z\u0105bek czosnku, puszka kolb mini kukurydzy, 3 \u0142y\u017cki \u015bmietany, 2 \u0142y\u017cki m\u0105ki, po \u0142y\u017ceczce posiekanego \u015bwie\u017cego tymianku i rozmarynu, jajko do posmarowania ciasta, s\u00f3l, pieprz, t\u0142uszcz do posmarowania formy.\u00a0<\/em><\/p>\n<p>1. Mi\u0119so zala\u0107 roso\u0142em i ugotowa\u0107 do mi\u0119kko\u015bci.<br \/>\n2. Ostudzone mi\u0119so po usuni\u0119ciu ko\u015bci pokroi\u0107 w kostk\u0119.<br \/>\n3. W garnuszku rozgrza\u0107 mas\u0142o, usma\u017cy\u0107 na nim pokrojone w plasterki pieczarki, posypa\u0107 m\u0105k\u0105, po podsma\u017ceniu m\u0105ki wla\u0107 szklank\u0119 wywaru z kurczaka i podgrzewaj\u0105c doprowadzi\u0107 do wrzenia i zag\u0119szczenia sosu.<br \/>\n4. Do sosu doda\u0107 mi\u0119so, kukurydz\u0119 ods\u0105czon\u0105 z zalewy, doprawi\u0107 czosnkiem, tymiankiem i rozmarynem, sol\u0105 i pieprzem. Ostudzi\u0107.<br \/>\n5. Wysmarowan\u0105 mas\u0142em tortownic\u0119 wy\u0142o\u017cy\u0107 ciastem francuskim w taki spos\u00f3b,  brzegi mo\u017cna by\u0142o na wierzchu ciasta zlepi\u0107. Nape\u0142ni\u0107 ciasto farszem mi\u0119snym i po\u0142\u0105czy\u0107  brzegi ciasta, posmarowa\u0107 wierzch rozmieszanym jajkiem.<br \/>\n6. Wstawi\u0107 potraw\u0119 do nagrzanego piekarnika i piec w temperaturze 180 st C oko\u0142o 30 minut. Kiedy si\u0119 zrumieni jest gotowe.<\/p>\n","protected":false},"excerpt":{"rendered":"<p>Opakowanie ciasta francuskiego, 4 kurze udka, 2 szklanki roso\u0142u drobiowego z kostki, 30 dag pieczarek, 2 \u0142y\u017cki mas\u0142a, z\u0105bek czosnku, puszka kolb mini kukurydzy, 3 \u0142y\u017cki \u015bmietany, 2 \u0142y\u017cki m\u0105ki, po \u0142y\u017ceczce posiekanego \u015bwie\u017cego tymianku i rozmarynu, jajko do posmarowania ciasta, s\u00f3l, pieprz, t\u0142uszcz do posmarowania formy.\u00a0 1. Mi\u0119so zala\u0107 roso\u0142em i ugotowa\u0107 do mi\u0119kko\u015bci. [&hellip;]<\/p>\n","protected":false},"author":2,"featured_media":0,"comment_status":"open","ping_status":"open","sticky":false,"template":"","format":"standard","meta":{"footnotes":""},"categories":[1],"tags":[],"_links":{"self":[{"href":"https:\/\/blog.polityka.pl\/adamczewski\/wp-json\/wp\/v2\/posts\/10251"}],"collection":[{"href":"https:\/\/blog.polityka.pl\/adamczewski\/wp-json\/wp\/v2\/posts"}],"about":[{"href":"https:\/\/blog.polityka.pl\/adamczewski\/wp-json\/wp\/v2\/types\/post"}],"author":[{"embeddable":true,"href":"https:\/\/blog.polityka.pl\/adamczewski\/wp-json\/wp\/v2\/users\/2"}],"replies":[{"embeddable":true,"href":"https:\/\/blog.polityka.pl\/adamczewski\/wp-json\/wp\/v2\/comments?post=10251"}],"version-history":[{"count":0,"href":"https:\/\/blog.polityka.pl\/adamczewski\/wp-json\/wp\/v2\/posts\/10251\/revisions"}],"wp:attachment":[{"href":"https:\/\/blog.polityka.pl\/adamczewski\/wp-json\/wp\/v2\/media?parent=10251"}],"wp:term":[{"taxonomy":"category","embeddable":true,"href":"https:\/\/blog.polityka.pl\/adamczewski\/wp-json\/wp\/v2\/categories?post=10251"},{"taxonomy":"post_tag","embeddable":true,"href":"https:\/\/blog.polityka.pl\/adamczewski\/wp-json\/wp\/v2\/tags?post=10251"}],"curies":[{"name":"wp","href":"https:\/\/api.w.org\/{rel}","templated":true}]}}