
{"id":10253,"date":"2009-05-25T06:58:13","date_gmt":"2009-05-25T05:58:13","guid":{"rendered":"http:\/\/adamczewscy.pl\/?p=2474"},"modified":"2009-05-25T06:58:13","modified_gmt":"2009-05-25T05:58:13","slug":"szaszlyki-z-kurzych-watrobek","status":"publish","type":"post","link":"https:\/\/blog.polityka.pl\/adamczewski\/2009\/05\/25\/szaszlyki-z-kurzych-watrobek\/","title":{"rendered":"Szasz\u0142yki z kurzych w\u0105tr\u00f3bek"},"content":{"rendered":"<p><em>40 dag w\u0105tr\u00f3bek kurzych, 15 dag cienko krojonego boczku w\u0119dzonego, 4 jak najmniejsze cebule, 4 \u0142y\u017cki oleju, s\u00f3l, pieprz, 2 \u0142y\u017cki sosu sojowego.\u00a0<\/em><\/p>\n<p>1. Umyte w\u0105tr\u00f3bki dok\u0142adnie ods\u0105czy\u0107 na durszlaku, pokroi\u0107 na kawa\u0142ki.<br \/>\n2. Cebule obra\u0107, pokroi\u0107 w \u00f3semki i nast\u0119pnie ka\u017cd\u0105 w poprzek na p\u00f3\u0142.<br \/>\n3. Plasterki boczku podzieli\u0107 na kwadratowe kawa\u0142ki.<br \/>\n4. Na szpadki do szasz\u0142yk\u00f3w nadziewa\u0107 na przemian kawa\u0142ki w\u0105tr\u00f3bki, cebuli i boczku.<br \/>\n5. Szasz\u0142yki doprawi\u0107 sol\u0105 i pieprzem oraz pokropi\u0107 sosem sojowym<br \/>\n6. Na patelni rozgrza\u0107 olej i sma\u017cy\u0107 szasz\u0142yki z obu stron na rumiano. Nale\u017cy uwa\u017ca\u0107, aby szasz\u0142yki nie sma\u017cy\u0142y si\u0119 zbyt szybko, aby dobrze si\u0119 usma\u017cy\u0142y.<\/p>\n<p>Podawa\u0107 szasz\u0142yki gor\u0105ce, z dodatkiem ry\u017cu lub frytek i sur\u00f3wki lub pikantnej jarzynki.<\/p>\n","protected":false},"excerpt":{"rendered":"<p>40 dag w\u0105tr\u00f3bek kurzych, 15 dag cienko krojonego boczku w\u0119dzonego, 4 jak najmniejsze cebule, 4 \u0142y\u017cki oleju, s\u00f3l, pieprz, 2 \u0142y\u017cki sosu sojowego.\u00a0 1. Umyte w\u0105tr\u00f3bki dok\u0142adnie ods\u0105czy\u0107 na durszlaku, pokroi\u0107 na kawa\u0142ki. 2. Cebule obra\u0107, pokroi\u0107 w \u00f3semki i nast\u0119pnie ka\u017cd\u0105 w poprzek na p\u00f3\u0142. 3. Plasterki boczku podzieli\u0107 na kwadratowe kawa\u0142ki. 4. Na [&hellip;]<\/p>\n","protected":false},"author":2,"featured_media":0,"comment_status":"open","ping_status":"open","sticky":false,"template":"","format":"standard","meta":{"footnotes":""},"categories":[1],"tags":[],"_links":{"self":[{"href":"https:\/\/blog.polityka.pl\/adamczewski\/wp-json\/wp\/v2\/posts\/10253"}],"collection":[{"href":"https:\/\/blog.polityka.pl\/adamczewski\/wp-json\/wp\/v2\/posts"}],"about":[{"href":"https:\/\/blog.polityka.pl\/adamczewski\/wp-json\/wp\/v2\/types\/post"}],"author":[{"embeddable":true,"href":"https:\/\/blog.polityka.pl\/adamczewski\/wp-json\/wp\/v2\/users\/2"}],"replies":[{"embeddable":true,"href":"https:\/\/blog.polityka.pl\/adamczewski\/wp-json\/wp\/v2\/comments?post=10253"}],"version-history":[{"count":0,"href":"https:\/\/blog.polityka.pl\/adamczewski\/wp-json\/wp\/v2\/posts\/10253\/revisions"}],"wp:attachment":[{"href":"https:\/\/blog.polityka.pl\/adamczewski\/wp-json\/wp\/v2\/media?parent=10253"}],"wp:term":[{"taxonomy":"category","embeddable":true,"href":"https:\/\/blog.polityka.pl\/adamczewski\/wp-json\/wp\/v2\/categories?post=10253"},{"taxonomy":"post_tag","embeddable":true,"href":"https:\/\/blog.polityka.pl\/adamczewski\/wp-json\/wp\/v2\/tags?post=10253"}],"curies":[{"name":"wp","href":"https:\/\/api.w.org\/{rel}","templated":true}]}}