
{"id":10254,"date":"2009-05-25T06:59:41","date_gmt":"2009-05-25T05:59:41","guid":{"rendered":"http:\/\/adamczewscy.pl\/?p=2475"},"modified":"2009-05-25T06:59:41","modified_gmt":"2009-05-25T05:59:41","slug":"ryba-morska-z-kalafiorem","status":"publish","type":"post","link":"https:\/\/blog.polityka.pl\/adamczewski\/2009\/05\/25\/ryba-morska-z-kalafiorem\/","title":{"rendered":"Ryba morska z kalafiorem"},"content":{"rendered":"<p><em>1 kg filet\u00f3w z morskiej ryby, 3 szklanki roso\u0142u warzywnego z kostki, 3 \u0142y\u017cki mas\u0142a, kalafior, cukier, s\u00f3l, szklanka startego parmezanu, \u0142y\u017cka mas\u0142a do wysmarowania \u017caroodpornego p\u00f3\u0142miska.\u00a0<\/em><\/p>\n<p>1. Ros\u00f3\u0142 warzywny zagotowa\u0107, w\u0142o\u017cy\u0107 do niego umyte filety i gotowa\u0107 15 minut na niezbyt silnym ogniu. Ugotowane filety wyj\u0105\u0107 z wywaru i ods\u0105czy\u0107.<br \/>\n2. Podzieli\u0107 kalafior na ma\u0142e r\u00f3\u017cyczki, ugotowa\u0107 w wodzie z cukrem i sol\u0105, odcedzi\u0107.<br \/>\n2. \u017baroodporny p\u00f3\u0142misek posmarowa\u0107 mas\u0142em, u\u0142o\u017cy\u0107 na nim filety, wok\u00f3\u0142 r\u00f3\u017cyczki kalafiora, pouk\u0142ada\u0107 na wierzchu kawa\u0142eczki mas\u0142a, posypa\u0107 suto parmezanem i zapiec potraw\u0119 do momentu, kiedy parmezan zacznie si\u0119 rumieni\u0107.<\/p>\n","protected":false},"excerpt":{"rendered":"<p>1 kg filet\u00f3w z morskiej ryby, 3 szklanki roso\u0142u warzywnego z kostki, 3 \u0142y\u017cki mas\u0142a, kalafior, cukier, s\u00f3l, szklanka startego parmezanu, \u0142y\u017cka mas\u0142a do wysmarowania \u017caroodpornego p\u00f3\u0142miska.\u00a0 1. Ros\u00f3\u0142 warzywny zagotowa\u0107, w\u0142o\u017cy\u0107 do niego umyte filety i gotowa\u0107 15 minut na niezbyt silnym ogniu. Ugotowane filety wyj\u0105\u0107 z wywaru i ods\u0105czy\u0107. 2. Podzieli\u0107 kalafior na [&hellip;]<\/p>\n","protected":false},"author":2,"featured_media":0,"comment_status":"open","ping_status":"open","sticky":false,"template":"","format":"standard","meta":{"footnotes":""},"categories":[1],"tags":[],"_links":{"self":[{"href":"https:\/\/blog.polityka.pl\/adamczewski\/wp-json\/wp\/v2\/posts\/10254"}],"collection":[{"href":"https:\/\/blog.polityka.pl\/adamczewski\/wp-json\/wp\/v2\/posts"}],"about":[{"href":"https:\/\/blog.polityka.pl\/adamczewski\/wp-json\/wp\/v2\/types\/post"}],"author":[{"embeddable":true,"href":"https:\/\/blog.polityka.pl\/adamczewski\/wp-json\/wp\/v2\/users\/2"}],"replies":[{"embeddable":true,"href":"https:\/\/blog.polityka.pl\/adamczewski\/wp-json\/wp\/v2\/comments?post=10254"}],"version-history":[{"count":0,"href":"https:\/\/blog.polityka.pl\/adamczewski\/wp-json\/wp\/v2\/posts\/10254\/revisions"}],"wp:attachment":[{"href":"https:\/\/blog.polityka.pl\/adamczewski\/wp-json\/wp\/v2\/media?parent=10254"}],"wp:term":[{"taxonomy":"category","embeddable":true,"href":"https:\/\/blog.polityka.pl\/adamczewski\/wp-json\/wp\/v2\/categories?post=10254"},{"taxonomy":"post_tag","embeddable":true,"href":"https:\/\/blog.polityka.pl\/adamczewski\/wp-json\/wp\/v2\/tags?post=10254"}],"curies":[{"name":"wp","href":"https:\/\/api.w.org\/{rel}","templated":true}]}}