
{"id":10255,"date":"2009-05-25T07:00:32","date_gmt":"2009-05-25T06:00:32","guid":{"rendered":"http:\/\/adamczewscy.pl\/?p=2476"},"modified":"2009-05-25T07:00:32","modified_gmt":"2009-05-25T06:00:32","slug":"paprykarz-cielecy","status":"publish","type":"post","link":"https:\/\/blog.polityka.pl\/adamczewski\/2009\/05\/25\/paprykarz-cielecy\/","title":{"rendered":"Paprykarz ciel\u0119cy"},"content":{"rendered":"<p><em>Ok. 50 dag ciel\u0119ciny z \u0142opatki, \u015brednia cebula, \u0142y\u017cka mas\u0142a, 2 \u0142y\u017cki oleju, \u0142y\u017ceczka mielonej s\u0142odkiej papryki, z\u0105bek czosnku, p\u00f3\u0142 szklanki \u015bmietanki (mo\u017ce by\u0107 12-proc.), szklanka roso\u0142u ciel\u0119cego z kostki, s\u00f3l, pieprz.\u00a0<\/em><\/p>\n<p>1. Ciel\u0119cin\u0119 pokroi\u0107 na kawa\u0142ki wielko\u015bci po\u0142owy pude\u0142ka zapa\u0142ek.<br \/>\n2. Cebul\u0119 posieka\u0107.<br \/>\n3. W garnku rozgrza\u0107 olej z mas\u0142em i podsma\u017cy\u0107 na nim posiekana cebul\u0119, doda\u0107 mi\u0119so i podsma\u017ca\u0107 mieszaj\u0105c, a\u017c lekko si\u0119 zrumieni, doda\u0107 przeci\u015bni\u0119ty przez prask\u0119 czosnek, wla\u0107 szklank\u0119 roso\u0142u i dusi\u0107 wszystko razem, a\u017c mi\u0119so b\u0119dzie mi\u0119kkie. W trakcie gotowania doprawi\u0107 do smaku dol\u0105 i pieprzem oraz mielona papryk\u0105.<br \/>\n4. Doda\u0107 do gotowej potrawy \u015bmietank\u0119 i doprowadzi\u0107 raz jeszcze do wrzenia.<\/p>\n<p>Paprykarz doskonale smakuje z k\u0142adzionymi kluskami, kt\u00f3re mo\u017cna doda\u0107 do sosu i poda\u0107 w jednym naczyniu.<\/p>\n","protected":false},"excerpt":{"rendered":"<p>Ok. 50 dag ciel\u0119ciny z \u0142opatki, \u015brednia cebula, \u0142y\u017cka mas\u0142a, 2 \u0142y\u017cki oleju, \u0142y\u017ceczka mielonej s\u0142odkiej papryki, z\u0105bek czosnku, p\u00f3\u0142 szklanki \u015bmietanki (mo\u017ce by\u0107 12-proc.), szklanka roso\u0142u ciel\u0119cego z kostki, s\u00f3l, pieprz.\u00a0 1. Ciel\u0119cin\u0119 pokroi\u0107 na kawa\u0142ki wielko\u015bci po\u0142owy pude\u0142ka zapa\u0142ek. 2. Cebul\u0119 posieka\u0107. 3. W garnku rozgrza\u0107 olej z mas\u0142em i podsma\u017cy\u0107 na nim [&hellip;]<\/p>\n","protected":false},"author":2,"featured_media":0,"comment_status":"open","ping_status":"open","sticky":false,"template":"","format":"standard","meta":{"footnotes":""},"categories":[1],"tags":[],"_links":{"self":[{"href":"https:\/\/blog.polityka.pl\/adamczewski\/wp-json\/wp\/v2\/posts\/10255"}],"collection":[{"href":"https:\/\/blog.polityka.pl\/adamczewski\/wp-json\/wp\/v2\/posts"}],"about":[{"href":"https:\/\/blog.polityka.pl\/adamczewski\/wp-json\/wp\/v2\/types\/post"}],"author":[{"embeddable":true,"href":"https:\/\/blog.polityka.pl\/adamczewski\/wp-json\/wp\/v2\/users\/2"}],"replies":[{"embeddable":true,"href":"https:\/\/blog.polityka.pl\/adamczewski\/wp-json\/wp\/v2\/comments?post=10255"}],"version-history":[{"count":0,"href":"https:\/\/blog.polityka.pl\/adamczewski\/wp-json\/wp\/v2\/posts\/10255\/revisions"}],"wp:attachment":[{"href":"https:\/\/blog.polityka.pl\/adamczewski\/wp-json\/wp\/v2\/media?parent=10255"}],"wp:term":[{"taxonomy":"category","embeddable":true,"href":"https:\/\/blog.polityka.pl\/adamczewski\/wp-json\/wp\/v2\/categories?post=10255"},{"taxonomy":"post_tag","embeddable":true,"href":"https:\/\/blog.polityka.pl\/adamczewski\/wp-json\/wp\/v2\/tags?post=10255"}],"curies":[{"name":"wp","href":"https:\/\/api.w.org\/{rel}","templated":true}]}}