
{"id":10256,"date":"2009-05-31T16:18:47","date_gmt":"2009-05-31T15:18:47","guid":{"rendered":"http:\/\/adamczewscy.pl\/?p=2478"},"modified":"2009-05-31T16:18:47","modified_gmt":"2009-05-31T15:18:47","slug":"truskawki-z-imbirem","status":"publish","type":"post","link":"https:\/\/blog.polityka.pl\/adamczewski\/2009\/05\/31\/truskawki-z-imbirem\/","title":{"rendered":"Truskawki z imbirem"},"content":{"rendered":"<p><a href=\"http:\/\/adamczewscy.pl\/wp-content\/uploads\/2013\/04\/Go\u015bcie-i-truskawki-z-imbirem-P6160241.jpg\"><img loading=\"lazy\" decoding=\"async\" src=\"http:\/\/adamczewscy.pl\/wp-content\/uploads\/2013\/04\/Go\u015bcie-i-truskawki-z-imbirem-P6160241.jpg\" alt=\"\" title=\"OLYMPUS DIGITAL CAMERA\" width=\"400\" height=\"300\" class=\"alignnone size-full wp-image-4719\" \/><\/a><\/p>\n<p><i>50 dag truskawek, 2 \u0142y\u017cki startego na tarce imbiru, 2 kopiaste \u0142y\u017cki cukru pudru<\/i><\/p>\n<p>1. Umy\u0107 i ods\u0105czy\u0107 truskawki, usun\u0105\u0107 szypu\u0142ki, wi\u0119ksze poprzekrawa\u0107 na po\u0142\u00f3wki.<br \/>\n2. Wymiesza\u0107 truskawki z imbirem i cukrem, wymiesza\u0107. Odstawi\u0107 truskawki z imbirem na godzin\u0119 do lod\u00f3wki. Nale\u017cy je starannie przykry\u0107, aby nie nabra\u0142y zapachu innych produkt\u00f3w przechowywanych w lod\u00f3wce. <\/p>\n","protected":false},"excerpt":{"rendered":"<p>50 dag truskawek, 2 \u0142y\u017cki startego na tarce imbiru, 2 kopiaste \u0142y\u017cki cukru pudru 1. Umy\u0107 i ods\u0105czy\u0107 truskawki, usun\u0105\u0107 szypu\u0142ki, wi\u0119ksze poprzekrawa\u0107 na po\u0142\u00f3wki. 2. Wymiesza\u0107 truskawki z imbirem i cukrem, wymiesza\u0107. Odstawi\u0107 truskawki z imbirem na godzin\u0119 do lod\u00f3wki. Nale\u017cy je starannie przykry\u0107, aby nie nabra\u0142y zapachu innych produkt\u00f3w przechowywanych w lod\u00f3wce.<\/p>\n","protected":false},"author":2,"featured_media":0,"comment_status":"open","ping_status":"open","sticky":false,"template":"","format":"standard","meta":{"footnotes":""},"categories":[1],"tags":[],"_links":{"self":[{"href":"https:\/\/blog.polityka.pl\/adamczewski\/wp-json\/wp\/v2\/posts\/10256"}],"collection":[{"href":"https:\/\/blog.polityka.pl\/adamczewski\/wp-json\/wp\/v2\/posts"}],"about":[{"href":"https:\/\/blog.polityka.pl\/adamczewski\/wp-json\/wp\/v2\/types\/post"}],"author":[{"embeddable":true,"href":"https:\/\/blog.polityka.pl\/adamczewski\/wp-json\/wp\/v2\/users\/2"}],"replies":[{"embeddable":true,"href":"https:\/\/blog.polityka.pl\/adamczewski\/wp-json\/wp\/v2\/comments?post=10256"}],"version-history":[{"count":0,"href":"https:\/\/blog.polityka.pl\/adamczewski\/wp-json\/wp\/v2\/posts\/10256\/revisions"}],"wp:attachment":[{"href":"https:\/\/blog.polityka.pl\/adamczewski\/wp-json\/wp\/v2\/media?parent=10256"}],"wp:term":[{"taxonomy":"category","embeddable":true,"href":"https:\/\/blog.polityka.pl\/adamczewski\/wp-json\/wp\/v2\/categories?post=10256"},{"taxonomy":"post_tag","embeddable":true,"href":"https:\/\/blog.polityka.pl\/adamczewski\/wp-json\/wp\/v2\/tags?post=10256"}],"curies":[{"name":"wp","href":"https:\/\/api.w.org\/{rel}","templated":true}]}}