
{"id":10257,"date":"2009-05-31T16:21:14","date_gmt":"2009-05-31T15:21:14","guid":{"rendered":"http:\/\/adamczewscy.pl\/?p=2479"},"modified":"2009-05-31T16:21:14","modified_gmt":"2009-05-31T15:21:14","slug":"tarta-z-galaretka-i-owocami-truskawki-jagody-poziomki-maliny","status":"publish","type":"post","link":"https:\/\/blog.polityka.pl\/adamczewski\/2009\/05\/31\/tarta-z-galaretka-i-owocami-truskawki-jagody-poziomki-maliny\/","title":{"rendered":"Tarta z galaretk\u0105 i owocami (truskawki, jagody, poziomki, maliny)"},"content":{"rendered":"<p><em>Na ciasto: szklanka m\u0105ki, p\u00f3\u0142 kostki mas\u0142a (125 g), 1\/3 szklanki cukru pudru.<br \/>\nNa wierzch tarty: 3 \u0142y\u017cki d\u017cemu (mo\u017ce by\u0107 niskos\u0142odzony, truskawkowy), ok. 50 dag truskawek, czerwona gotowa galaretka (wi\u015bniowa lub truskawkowa).\u00a0<\/em><\/p>\n<p>1. Przesieka\u0107 wszystkie sk\u0142adniki ciasta, szybko zagnie\u015b\u0107 d\u0142oni\u0105, uformowa\u0107 w kul\u0119 i w plastikowym woreczku schowa\u0107 na p\u00f3\u0142 godziny do lod\u00f3wki.<br \/>\n2. Truskawki umy\u0107 i osuszy\u0107 na papierowym r\u0119czniku, pousuwa\u0107 szypu\u0142ki.<br \/>\n3. Galaretk\u0119 przygotowa\u0107 wed\u0142ug przepisu i pozostawi\u0107 w temperaturze pokojowej.<br \/>\n4. Wyj\u0119te z lod\u00f3wki ciasto rozwa\u0142kowa\u0107, wy\u0142o\u017cy\u0107 nim form\u0119 do tart w ten spos\u00f3b, aby pozosta\u0142y wysokie brzegi. Upiec w temperaturze 180 st C na z\u0142oto.<br \/>\n5. Po ostudzeniu posmarowa\u0107 ciasto d\u017cemem, pouk\u0142ada\u0107 na nim poprzekrawane na p\u00f3l tryskawki (przekrojem do do\u0142u), zala\u0107 ozi\u0119bion\u0105 galaretk\u0105. Wstawi\u0107 do lod\u00f3wki, aby galaretka zastyg\u0142a.<\/p>\n","protected":false},"excerpt":{"rendered":"<p>Na ciasto: szklanka m\u0105ki, p\u00f3\u0142 kostki mas\u0142a (125 g), 1\/3 szklanki cukru pudru. Na wierzch tarty: 3 \u0142y\u017cki d\u017cemu (mo\u017ce by\u0107 niskos\u0142odzony, truskawkowy), ok. 50 dag truskawek, czerwona gotowa galaretka (wi\u015bniowa lub truskawkowa).\u00a0 1. Przesieka\u0107 wszystkie sk\u0142adniki ciasta, szybko zagnie\u015b\u0107 d\u0142oni\u0105, uformowa\u0107 w kul\u0119 i w plastikowym woreczku schowa\u0107 na p\u00f3\u0142 godziny do lod\u00f3wki. 2. [&hellip;]<\/p>\n","protected":false},"author":2,"featured_media":0,"comment_status":"open","ping_status":"open","sticky":false,"template":"","format":"standard","meta":{"footnotes":""},"categories":[1],"tags":[],"_links":{"self":[{"href":"https:\/\/blog.polityka.pl\/adamczewski\/wp-json\/wp\/v2\/posts\/10257"}],"collection":[{"href":"https:\/\/blog.polityka.pl\/adamczewski\/wp-json\/wp\/v2\/posts"}],"about":[{"href":"https:\/\/blog.polityka.pl\/adamczewski\/wp-json\/wp\/v2\/types\/post"}],"author":[{"embeddable":true,"href":"https:\/\/blog.polityka.pl\/adamczewski\/wp-json\/wp\/v2\/users\/2"}],"replies":[{"embeddable":true,"href":"https:\/\/blog.polityka.pl\/adamczewski\/wp-json\/wp\/v2\/comments?post=10257"}],"version-history":[{"count":0,"href":"https:\/\/blog.polityka.pl\/adamczewski\/wp-json\/wp\/v2\/posts\/10257\/revisions"}],"wp:attachment":[{"href":"https:\/\/blog.polityka.pl\/adamczewski\/wp-json\/wp\/v2\/media?parent=10257"}],"wp:term":[{"taxonomy":"category","embeddable":true,"href":"https:\/\/blog.polityka.pl\/adamczewski\/wp-json\/wp\/v2\/categories?post=10257"},{"taxonomy":"post_tag","embeddable":true,"href":"https:\/\/blog.polityka.pl\/adamczewski\/wp-json\/wp\/v2\/tags?post=10257"}],"curies":[{"name":"wp","href":"https:\/\/api.w.org\/{rel}","templated":true}]}}