
{"id":10258,"date":"2009-05-31T17:06:31","date_gmt":"2009-05-31T16:06:31","guid":{"rendered":"http:\/\/adamczewscy.pl\/?p=2481"},"modified":"2009-05-31T17:06:31","modified_gmt":"2009-05-31T16:06:31","slug":"sernik-na-zimno-z-truskawkami","status":"publish","type":"post","link":"https:\/\/blog.polityka.pl\/adamczewski\/2009\/05\/31\/sernik-na-zimno-z-truskawkami\/","title":{"rendered":"Sernik na zimno z truskawkami"},"content":{"rendered":"<p><em>3 opakowania serka homogenizowanego (\u0142\u0105cznie 75 dag), p\u00f3\u0142 kostki (10 dag) mas\u0142a, p\u00f3\u0142 szklanki s\u0142odkiej \u015bmietanki 22-proc., szklanka cukru pudru, 3 \u0142y\u017ceczki \u017celatyny, cukier waniliowy z prawdziw\u0105 wanili\u0105 lub cukier wanilinowy, p\u00f3l szklanki likieru pomara\u0144czowego lub adwokata, p\u00f3\u0142 kg truskawek.\u00a0<\/em><\/p>\n<p>1. Mas\u0142o rozpu\u015bci\u0107, najlepiej w kuchence mikrofalowej lub w garnuszku, na ogniu.<br \/>\n2. \u015amietank\u0119 podgrza\u0107 i rozpu\u015bci\u0107 w niej \u017celatyn\u0119.<br \/>\n3. Wymiesza\u0107 bardzo dok\u0142adnie ser, \u015bmietank\u0119 z \u017celatyn\u0105, rozpuszczone mas\u0142o, likier, cukier puder i cukier waniliowy.<br \/>\n4. Truskawki obra\u0107 z szypu\u0142ek i os\u0105czy\u0107 starannie na papierowym kuchennym r\u0119czniku.<br \/>\n5. Pozostawi\u0107 mniej wi\u0119cej 1\/4 truskawek, pozosta\u0142e wymiesza\u0107 z masa sernikow\u0105.<br \/>\n6. Prze\u0142o\u017cy\u0107 mas\u0119 sernikow\u0105 z truskawkami do tortownicy, przybra\u0107 wierzch pozostawionymi truskawkami i ozi\u0119bi\u0107 sernik w lod\u00f3wce przez kilka godzin.<\/p>\n","protected":false},"excerpt":{"rendered":"<p>3 opakowania serka homogenizowanego (\u0142\u0105cznie 75 dag), p\u00f3\u0142 kostki (10 dag) mas\u0142a, p\u00f3\u0142 szklanki s\u0142odkiej \u015bmietanki 22-proc., szklanka cukru pudru, 3 \u0142y\u017ceczki \u017celatyny, cukier waniliowy z prawdziw\u0105 wanili\u0105 lub cukier wanilinowy, p\u00f3l szklanki likieru pomara\u0144czowego lub adwokata, p\u00f3\u0142 kg truskawek.\u00a0 1. Mas\u0142o rozpu\u015bci\u0107, najlepiej w kuchence mikrofalowej lub w garnuszku, na ogniu. 2. \u015amietank\u0119 podgrza\u0107 [&hellip;]<\/p>\n","protected":false},"author":2,"featured_media":0,"comment_status":"open","ping_status":"open","sticky":false,"template":"","format":"standard","meta":{"footnotes":""},"categories":[1],"tags":[],"_links":{"self":[{"href":"https:\/\/blog.polityka.pl\/adamczewski\/wp-json\/wp\/v2\/posts\/10258"}],"collection":[{"href":"https:\/\/blog.polityka.pl\/adamczewski\/wp-json\/wp\/v2\/posts"}],"about":[{"href":"https:\/\/blog.polityka.pl\/adamczewski\/wp-json\/wp\/v2\/types\/post"}],"author":[{"embeddable":true,"href":"https:\/\/blog.polityka.pl\/adamczewski\/wp-json\/wp\/v2\/users\/2"}],"replies":[{"embeddable":true,"href":"https:\/\/blog.polityka.pl\/adamczewski\/wp-json\/wp\/v2\/comments?post=10258"}],"version-history":[{"count":0,"href":"https:\/\/blog.polityka.pl\/adamczewski\/wp-json\/wp\/v2\/posts\/10258\/revisions"}],"wp:attachment":[{"href":"https:\/\/blog.polityka.pl\/adamczewski\/wp-json\/wp\/v2\/media?parent=10258"}],"wp:term":[{"taxonomy":"category","embeddable":true,"href":"https:\/\/blog.polityka.pl\/adamczewski\/wp-json\/wp\/v2\/categories?post=10258"},{"taxonomy":"post_tag","embeddable":true,"href":"https:\/\/blog.polityka.pl\/adamczewski\/wp-json\/wp\/v2\/tags?post=10258"}],"curies":[{"name":"wp","href":"https:\/\/api.w.org\/{rel}","templated":true}]}}