
{"id":10259,"date":"2009-05-31T17:07:41","date_gmt":"2009-05-31T16:07:41","guid":{"rendered":"http:\/\/adamczewscy.pl\/?p=2482"},"modified":"2009-05-31T17:07:41","modified_gmt":"2009-05-31T16:07:41","slug":"kruche-paluszki","status":"publish","type":"post","link":"https:\/\/blog.polityka.pl\/adamczewski\/2009\/05\/31\/kruche-paluszki\/","title":{"rendered":"Kruche paluszki"},"content":{"rendered":"<p><em>2 szklanki maki, 4 \u0142y\u017cki cukru, kostka (20 dag) mas\u0142a, 4 jaja. Do posypania: \u0142y\u017cka cukru.\u00a0<\/em><\/p>\n<p>1. Wysypa\u0107 m\u0105k\u0119 i cukier na stolnic\u0119, doda\u0107 mas\u0142o i przesieka\u0107, po czym doda\u0107 pozosta\u0142e sk\u0142adniki i zagnie\u015b\u0107 ciasto.<br \/>\n2. Formowa\u0107 w r\u0119kach paluszki wielko\u015bci palca, posypywa\u0107 cukrem. Upiec w \u015brednio gor\u0105cym piekarniku (180 st C).<\/p>\n","protected":false},"excerpt":{"rendered":"<p>2 szklanki maki, 4 \u0142y\u017cki cukru, kostka (20 dag) mas\u0142a, 4 jaja. Do posypania: \u0142y\u017cka cukru.\u00a0 1. Wysypa\u0107 m\u0105k\u0119 i cukier na stolnic\u0119, doda\u0107 mas\u0142o i przesieka\u0107, po czym doda\u0107 pozosta\u0142e sk\u0142adniki i zagnie\u015b\u0107 ciasto. 2. Formowa\u0107 w r\u0119kach paluszki wielko\u015bci palca, posypywa\u0107 cukrem. Upiec w \u015brednio gor\u0105cym piekarniku (180 st C).<\/p>\n","protected":false},"author":2,"featured_media":0,"comment_status":"open","ping_status":"open","sticky":false,"template":"","format":"standard","meta":{"footnotes":""},"categories":[1],"tags":[],"_links":{"self":[{"href":"https:\/\/blog.polityka.pl\/adamczewski\/wp-json\/wp\/v2\/posts\/10259"}],"collection":[{"href":"https:\/\/blog.polityka.pl\/adamczewski\/wp-json\/wp\/v2\/posts"}],"about":[{"href":"https:\/\/blog.polityka.pl\/adamczewski\/wp-json\/wp\/v2\/types\/post"}],"author":[{"embeddable":true,"href":"https:\/\/blog.polityka.pl\/adamczewski\/wp-json\/wp\/v2\/users\/2"}],"replies":[{"embeddable":true,"href":"https:\/\/blog.polityka.pl\/adamczewski\/wp-json\/wp\/v2\/comments?post=10259"}],"version-history":[{"count":0,"href":"https:\/\/blog.polityka.pl\/adamczewski\/wp-json\/wp\/v2\/posts\/10259\/revisions"}],"wp:attachment":[{"href":"https:\/\/blog.polityka.pl\/adamczewski\/wp-json\/wp\/v2\/media?parent=10259"}],"wp:term":[{"taxonomy":"category","embeddable":true,"href":"https:\/\/blog.polityka.pl\/adamczewski\/wp-json\/wp\/v2\/categories?post=10259"},{"taxonomy":"post_tag","embeddable":true,"href":"https:\/\/blog.polityka.pl\/adamczewski\/wp-json\/wp\/v2\/tags?post=10259"}],"curies":[{"name":"wp","href":"https:\/\/api.w.org\/{rel}","templated":true}]}}