
{"id":10260,"date":"2009-05-31T17:09:40","date_gmt":"2009-05-31T16:09:40","guid":{"rendered":"http:\/\/adamczewscy.pl\/?p=2483"},"modified":"2009-05-31T17:09:40","modified_gmt":"2009-05-31T16:09:40","slug":"kruche-ciasto-z-owocami","status":"publish","type":"post","link":"https:\/\/blog.polityka.pl\/adamczewski\/2009\/05\/31\/kruche-ciasto-z-owocami\/","title":{"rendered":"Kruche ciasto z owocami"},"content":{"rendered":"<p><em>Na ciasto: p\u00f3\u0142torej szklanki m\u0105ki, 4 \u0142y\u017cki cukru, 3\/4 kostki (200 gramowej) mas\u0142a, 2 jaja<br \/>\nNa wierzch ciasta: ok. p\u00f3\u0142 kg truskawek, bia\u0142ko i 2 \u0142y\u017cki cukru<\/em><\/p>\n<p>1. Przesieka\u0107 m\u0105k\u0119 z mas\u0142em, zagnie\u015b\u0107 ciasto dodaj\u0105c pozosta\u0142e sk\u0142adniki i odrobin\u0119 zimnej wody.<br \/>\n2. Ciastem wy\u0142o\u017cy\u0107 form\u0119 do pieczenia (ok. 25&#215;35 cm) lub ma\u0142e foremki do pieczenia babeczek. Upiec na z\u0142oto.<br \/>\n3. Na ostudzonym cie\u015bcie u\u0142o\u017cy\u0107 truskawki.<br \/>\n4. Ubi\u0107 pian\u0119 z bia\u0142ka dodaj\u0105c po trochu cukier, posmarowa\u0107 pian\u0105 u\u0142o\u017cone na cie\u015bcie truskawki i jeszcze chwil\u0119 zapiec w piekarniku, aby piana lekko si\u0119 zrumieni\u0142a.<br \/>\nPodawa\u0107 od razu ciasto na ciep\u0142o.<br \/>\nTak samo mo\u017cna przygotowa\u0107 ciasto r\u00f3wnie\u017c z innymi mi\u0119kkimi owocami.<\/p>\n","protected":false},"excerpt":{"rendered":"<p>Na ciasto: p\u00f3\u0142torej szklanki m\u0105ki, 4 \u0142y\u017cki cukru, 3\/4 kostki (200 gramowej) mas\u0142a, 2 jaja Na wierzch ciasta: ok. p\u00f3\u0142 kg truskawek, bia\u0142ko i 2 \u0142y\u017cki cukru 1. Przesieka\u0107 m\u0105k\u0119 z mas\u0142em, zagnie\u015b\u0107 ciasto dodaj\u0105c pozosta\u0142e sk\u0142adniki i odrobin\u0119 zimnej wody. 2. Ciastem wy\u0142o\u017cy\u0107 form\u0119 do pieczenia (ok. 25&#215;35 cm) lub ma\u0142e foremki do pieczenia [&hellip;]<\/p>\n","protected":false},"author":2,"featured_media":0,"comment_status":"open","ping_status":"open","sticky":false,"template":"","format":"standard","meta":{"footnotes":""},"categories":[1],"tags":[],"_links":{"self":[{"href":"https:\/\/blog.polityka.pl\/adamczewski\/wp-json\/wp\/v2\/posts\/10260"}],"collection":[{"href":"https:\/\/blog.polityka.pl\/adamczewski\/wp-json\/wp\/v2\/posts"}],"about":[{"href":"https:\/\/blog.polityka.pl\/adamczewski\/wp-json\/wp\/v2\/types\/post"}],"author":[{"embeddable":true,"href":"https:\/\/blog.polityka.pl\/adamczewski\/wp-json\/wp\/v2\/users\/2"}],"replies":[{"embeddable":true,"href":"https:\/\/blog.polityka.pl\/adamczewski\/wp-json\/wp\/v2\/comments?post=10260"}],"version-history":[{"count":0,"href":"https:\/\/blog.polityka.pl\/adamczewski\/wp-json\/wp\/v2\/posts\/10260\/revisions"}],"wp:attachment":[{"href":"https:\/\/blog.polityka.pl\/adamczewski\/wp-json\/wp\/v2\/media?parent=10260"}],"wp:term":[{"taxonomy":"category","embeddable":true,"href":"https:\/\/blog.polityka.pl\/adamczewski\/wp-json\/wp\/v2\/categories?post=10260"},{"taxonomy":"post_tag","embeddable":true,"href":"https:\/\/blog.polityka.pl\/adamczewski\/wp-json\/wp\/v2\/tags?post=10260"}],"curies":[{"name":"wp","href":"https:\/\/api.w.org\/{rel}","templated":true}]}}