
{"id":10261,"date":"2009-05-31T17:12:10","date_gmt":"2009-05-31T16:12:10","guid":{"rendered":"http:\/\/adamczewscy.pl\/?p=2484"},"modified":"2009-05-31T17:12:10","modified_gmt":"2009-05-31T16:12:10","slug":"czekoladowe-ciasteczka-brownie","status":"publish","type":"post","link":"https:\/\/blog.polityka.pl\/adamczewski\/2009\/05\/31\/czekoladowe-ciasteczka-brownie\/","title":{"rendered":"Czekoladowe ciasteczka (Brownie)"},"content":{"rendered":"<p><em>Tabliczka gorzkiej czekolady, 3\/4 kostki mas\u0142a (mniejszej, 200-gramowej), 3 jaja, p\u00f3\u0142torej szklanki cukru, cukier wanilinowy, p\u00f3\u0142 szklanki m\u0105ki, p\u00f3\u0142 szklanki \u015bmietanki krem\u00f3wki, szczypta soli i 2 \u0142y\u017ceczki cukru-pudru.\u00a0<\/em><\/p>\n<p>1. Czekolad\u0119 po\u0142ama\u0107 na kawa\u0142ki i razem z mas\u0142em w\u0142o\u017cy\u0107 do garnuszka. Wstawi\u0107 do naczynia z wrz\u0105c\u0105 wod\u0105 i podgrzewa\u0107, a\u017c rozpu\u015bci si\u0119 dok\u0142adnie czekolada. lekko ostudzi\u0107<br \/>\n2. Zmiksowa\u0107 jaja z cukrem na puszyst\u0105 mas\u0119, doda\u0107 cukier waniliowy.<br \/>\n3. Po \u0142y\u017cce dodawa\u0107  do jaj rozpuszczon\u0105 czekolad\u0119 z mas\u0142em i uciera\u0107 doda\u0107 tak\u017ce m\u0105k\u0119, s\u00f3l, \u015bmietank\u0119, dok\u0142adnie wymiesza\u0107.<br \/>\n4. Ciasto wyla\u0107 na wy\u0142o\u017con\u0105 papierem do wypiek\u00f3w blaszk\u0119 i piec w temperaturze 170 st C oko\u0142o 30 minut.<br \/>\n5. Po ostudzeniu pokroi\u0107 ciasto na prostok\u0105tne ciasteczka, posypa\u0107 cukrem pudrem.<\/p>\n","protected":false},"excerpt":{"rendered":"<p>Tabliczka gorzkiej czekolady, 3\/4 kostki mas\u0142a (mniejszej, 200-gramowej), 3 jaja, p\u00f3\u0142torej szklanki cukru, cukier wanilinowy, p\u00f3\u0142 szklanki m\u0105ki, p\u00f3\u0142 szklanki \u015bmietanki krem\u00f3wki, szczypta soli i 2 \u0142y\u017ceczki cukru-pudru.\u00a0 1. Czekolad\u0119 po\u0142ama\u0107 na kawa\u0142ki i razem z mas\u0142em w\u0142o\u017cy\u0107 do garnuszka. Wstawi\u0107 do naczynia z wrz\u0105c\u0105 wod\u0105 i podgrzewa\u0107, a\u017c rozpu\u015bci si\u0119 dok\u0142adnie czekolada. lekko ostudzi\u0107 [&hellip;]<\/p>\n","protected":false},"author":2,"featured_media":0,"comment_status":"open","ping_status":"open","sticky":false,"template":"","format":"standard","meta":{"footnotes":""},"categories":[1],"tags":[],"_links":{"self":[{"href":"https:\/\/blog.polityka.pl\/adamczewski\/wp-json\/wp\/v2\/posts\/10261"}],"collection":[{"href":"https:\/\/blog.polityka.pl\/adamczewski\/wp-json\/wp\/v2\/posts"}],"about":[{"href":"https:\/\/blog.polityka.pl\/adamczewski\/wp-json\/wp\/v2\/types\/post"}],"author":[{"embeddable":true,"href":"https:\/\/blog.polityka.pl\/adamczewski\/wp-json\/wp\/v2\/users\/2"}],"replies":[{"embeddable":true,"href":"https:\/\/blog.polityka.pl\/adamczewski\/wp-json\/wp\/v2\/comments?post=10261"}],"version-history":[{"count":0,"href":"https:\/\/blog.polityka.pl\/adamczewski\/wp-json\/wp\/v2\/posts\/10261\/revisions"}],"wp:attachment":[{"href":"https:\/\/blog.polityka.pl\/adamczewski\/wp-json\/wp\/v2\/media?parent=10261"}],"wp:term":[{"taxonomy":"category","embeddable":true,"href":"https:\/\/blog.polityka.pl\/adamczewski\/wp-json\/wp\/v2\/categories?post=10261"},{"taxonomy":"post_tag","embeddable":true,"href":"https:\/\/blog.polityka.pl\/adamczewski\/wp-json\/wp\/v2\/tags?post=10261"}],"curies":[{"name":"wp","href":"https:\/\/api.w.org\/{rel}","templated":true}]}}