
{"id":10262,"date":"2009-06-08T06:36:49","date_gmt":"2009-06-08T05:36:49","guid":{"rendered":"http:\/\/adamczewscy.pl\/?p=2486"},"modified":"2009-06-08T06:36:49","modified_gmt":"2009-06-08T05:36:49","slug":"losos-zapiekany-z-truskawkami-i-serem","status":"publish","type":"post","link":"https:\/\/blog.polityka.pl\/adamczewski\/2009\/06\/08\/losos-zapiekany-z-truskawkami-i-serem\/","title":{"rendered":"\u0141oso\u015b zapiekany z truskawkami i serem"},"content":{"rendered":"<p><em>Filet z \u0142ososia wagi ok. 50 dag (najlepiej bez sk\u00f3ry), 4 plasterki \u017c\u00f3\u0142tego sera, 12 \u015brednich truskawek, s\u00f3l, pieprz, 3 \u0142y\u017cki oliwy z oliwek, \u0142y\u017ceczka mas\u0142a.\u00a0<\/em><\/p>\n<p>1. Podzieli\u0107 filet na 4 cz\u0119\u015bci, lekko posoli\u0107 i posypa\u0107 pieprzem. Odstawi\u0107 na 30 minut.<br \/>\n2. Podsma\u017cy\u0107 na oliwie kawa\u0142ki \u0142ososia.<br \/>\n3. \u017baroodporny p\u00f3\u0142misek wysmarowa\u0107 mas\u0142em, u\u0142o\u017cy\u0107 kawa\u0142ki ryby, na ka\u017cdym kawa\u0142ku u\u0142o\u017cy\u0107 pokrojone w plasterki truskawki, na nich plasterek \u017c\u00f3\u0142tego sera. Zapieka\u0107  w nagrzanym do 180 st. C. piekarniku do momentu, kiedy ser si\u0119 rozpu\u015bci.<br \/>\nPodawa\u0107 z m\u0142odymi ziemniakami lub chrupi\u0105c\u0105 bu\u0142k\u0105.<\/p>\n","protected":false},"excerpt":{"rendered":"<p>Filet z \u0142ososia wagi ok. 50 dag (najlepiej bez sk\u00f3ry), 4 plasterki \u017c\u00f3\u0142tego sera, 12 \u015brednich truskawek, s\u00f3l, pieprz, 3 \u0142y\u017cki oliwy z oliwek, \u0142y\u017ceczka mas\u0142a.\u00a0 1. Podzieli\u0107 filet na 4 cz\u0119\u015bci, lekko posoli\u0107 i posypa\u0107 pieprzem. Odstawi\u0107 na 30 minut. 2. Podsma\u017cy\u0107 na oliwie kawa\u0142ki \u0142ososia. 3. \u017baroodporny p\u00f3\u0142misek wysmarowa\u0107 mas\u0142em, u\u0142o\u017cy\u0107 kawa\u0142ki ryby, [&hellip;]<\/p>\n","protected":false},"author":2,"featured_media":0,"comment_status":"open","ping_status":"open","sticky":false,"template":"","format":"standard","meta":{"footnotes":""},"categories":[1],"tags":[],"_links":{"self":[{"href":"https:\/\/blog.polityka.pl\/adamczewski\/wp-json\/wp\/v2\/posts\/10262"}],"collection":[{"href":"https:\/\/blog.polityka.pl\/adamczewski\/wp-json\/wp\/v2\/posts"}],"about":[{"href":"https:\/\/blog.polityka.pl\/adamczewski\/wp-json\/wp\/v2\/types\/post"}],"author":[{"embeddable":true,"href":"https:\/\/blog.polityka.pl\/adamczewski\/wp-json\/wp\/v2\/users\/2"}],"replies":[{"embeddable":true,"href":"https:\/\/blog.polityka.pl\/adamczewski\/wp-json\/wp\/v2\/comments?post=10262"}],"version-history":[{"count":0,"href":"https:\/\/blog.polityka.pl\/adamczewski\/wp-json\/wp\/v2\/posts\/10262\/revisions"}],"wp:attachment":[{"href":"https:\/\/blog.polityka.pl\/adamczewski\/wp-json\/wp\/v2\/media?parent=10262"}],"wp:term":[{"taxonomy":"category","embeddable":true,"href":"https:\/\/blog.polityka.pl\/adamczewski\/wp-json\/wp\/v2\/categories?post=10262"},{"taxonomy":"post_tag","embeddable":true,"href":"https:\/\/blog.polityka.pl\/adamczewski\/wp-json\/wp\/v2\/tags?post=10262"}],"curies":[{"name":"wp","href":"https:\/\/api.w.org\/{rel}","templated":true}]}}