
{"id":10264,"date":"2009-06-08T06:39:36","date_gmt":"2009-06-08T05:39:36","guid":{"rendered":"http:\/\/adamczewscy.pl\/?p=2488"},"modified":"2009-06-08T06:39:36","modified_gmt":"2009-06-08T05:39:36","slug":"zupa-rybna-slodko-kwasna","status":"publish","type":"post","link":"https:\/\/blog.polityka.pl\/adamczewski\/2009\/06\/08\/zupa-rybna-slodko-kwasna\/","title":{"rendered":"Zupa rybna s\u0142odko-kwa\u015bna"},"content":{"rendered":"<p><em>Ok. 30 dag surowego \u0142ososia lub innej morskiej ryby, 4 szklanki roso\u0142u warzywnego lub drobiowego kostki, marchew, p\u00f3\u0142 rzodkwi daikon, dymka, 3 \u0142y\u017cki oleju lub oliwy, na czubek \u0142y\u017ceczki chili, \u0142y\u017ceczka marynowanego imbiru, 2 \u0142y\u017cki sosu sojowego, 2 z\u0105bki czosnku, cytryna, po 2 \u0142y\u017cki siekanej \u015bwie\u017cej kolendry i szczypiorku,  pieprz, s\u00f3l, ma\u0142a paczuszka makaronu ry\u017cowego.\u00a0<\/em><\/p>\n<p>1. Pokroi\u0107 marchew i rzodkiew w paseczki, dymk\u0119 w pi\u00f3rka.<br \/>\n2. Rozgrza\u0107 w garnku 2 \u0142y\u017cki oleju lub oliwy, wrzuci\u0107 pokrojone warzywa i imbir oraz rozdrobniony czosnek a tak\u017ce chili, sos sojowy, pieprz. Sma\u017cy\u0107 5 minut mieszaj\u0105c.<br \/>\n3. Do usma\u017conych warzyw z przyprawami doda\u0107 ros\u00f3\u0142 i gotowa\u0107 15 minut.<br \/>\n4. W tym czasie pokroi\u0107 w kostk\u0119 ryb\u0119, podsma\u017cy\u0107 j\u0105 na patelni na pozosta\u0142ej \u0142y\u017cce oliwy lub oleju, doda\u0107 do zupy, zagotowa\u0107 doprawi\u0107 sokiem cytrynowym, sol\u0105 i jeszcze raz pieprzem. Doda\u0107 tak\u017ce siekan\u0105 kolendr\u0119 i szczypior.<br \/>\n5. Zala\u0107 wod\u0105 makaron ry\u017cowy, po 4 minutach ods\u0105czy\u0107 i doda\u0107 do zupy.<\/p>\n","protected":false},"excerpt":{"rendered":"<p>Ok. 30 dag surowego \u0142ososia lub innej morskiej ryby, 4 szklanki roso\u0142u warzywnego lub drobiowego kostki, marchew, p\u00f3\u0142 rzodkwi daikon, dymka, 3 \u0142y\u017cki oleju lub oliwy, na czubek \u0142y\u017ceczki chili, \u0142y\u017ceczka marynowanego imbiru, 2 \u0142y\u017cki sosu sojowego, 2 z\u0105bki czosnku, cytryna, po 2 \u0142y\u017cki siekanej \u015bwie\u017cej kolendry i szczypiorku, pieprz, s\u00f3l, ma\u0142a paczuszka makaronu ry\u017cowego.\u00a0 [&hellip;]<\/p>\n","protected":false},"author":2,"featured_media":0,"comment_status":"open","ping_status":"open","sticky":false,"template":"","format":"standard","meta":{"footnotes":""},"categories":[1],"tags":[],"_links":{"self":[{"href":"https:\/\/blog.polityka.pl\/adamczewski\/wp-json\/wp\/v2\/posts\/10264"}],"collection":[{"href":"https:\/\/blog.polityka.pl\/adamczewski\/wp-json\/wp\/v2\/posts"}],"about":[{"href":"https:\/\/blog.polityka.pl\/adamczewski\/wp-json\/wp\/v2\/types\/post"}],"author":[{"embeddable":true,"href":"https:\/\/blog.polityka.pl\/adamczewski\/wp-json\/wp\/v2\/users\/2"}],"replies":[{"embeddable":true,"href":"https:\/\/blog.polityka.pl\/adamczewski\/wp-json\/wp\/v2\/comments?post=10264"}],"version-history":[{"count":0,"href":"https:\/\/blog.polityka.pl\/adamczewski\/wp-json\/wp\/v2\/posts\/10264\/revisions"}],"wp:attachment":[{"href":"https:\/\/blog.polityka.pl\/adamczewski\/wp-json\/wp\/v2\/media?parent=10264"}],"wp:term":[{"taxonomy":"category","embeddable":true,"href":"https:\/\/blog.polityka.pl\/adamczewski\/wp-json\/wp\/v2\/categories?post=10264"},{"taxonomy":"post_tag","embeddable":true,"href":"https:\/\/blog.polityka.pl\/adamczewski\/wp-json\/wp\/v2\/tags?post=10264"}],"curies":[{"name":"wp","href":"https:\/\/api.w.org\/{rel}","templated":true}]}}