
{"id":10265,"date":"2009-06-08T06:42:18","date_gmt":"2009-06-08T05:42:18","guid":{"rendered":"http:\/\/adamczewscy.pl\/?p=2489"},"modified":"2009-06-08T06:42:18","modified_gmt":"2009-06-08T05:42:18","slug":"rabarbar-zapieczony-w-piance","status":"publish","type":"post","link":"https:\/\/blog.polityka.pl\/adamczewski\/2009\/06\/08\/rabarbar-zapieczony-w-piance\/","title":{"rendered":"Rabarbar zapieczony w piance"},"content":{"rendered":"<p><em>70 &#8211; 80 dag rabarbaru, \u0142y\u017ceczka startej sk\u00f3rki cytrynowej, \u0142y\u017ceczka cukru waniliowego, \u0107wier\u0107 \u0142y\u017ceczki cynamonu,  10 \u0142y\u017cek cukru, p\u00f3\u0142torej szklanki pokruszonych herbatnik\u00f3w lub kruchych ciastek, 3 \u0142y\u017cki mas\u0142a, 2 bia\u0142ka<\/em><\/p>\n<p>1. Herbatniki lub ciastka wymiesza\u0107 z rozpuszczonym mas\u0142em na mas\u0119 i roz\u0142o\u017cy\u0107 j\u0105 na dnie \u017caroodpornego naczynia.<br \/>\n2. Rabarbar obra\u0107, pokroi\u0107 w centymetrowe kawa\u0142ki. U\u0142o\u017cy\u0107 na herbatnikach, posypa\u0107 8 \u0142y\u017ckami cukru, start\u0105 sk\u00f3rk\u0105 cytrynow\u0105 oraz cukrem wanilinowym.<br \/>\n3. Ubi\u0107 pian\u0119, pod koniec dodaj\u0105c pozosta\u0142e 2 \u0142y\u017cki cukru. Pian\u0105 przykry\u0107 rabarbar.<br \/>\n4. Zapieka\u0107 potraw\u0119 20 minut w piekarniku nagrzanym do temperatury 200 st. C.<\/p>\n","protected":false},"excerpt":{"rendered":"<p>70 &#8211; 80 dag rabarbaru, \u0142y\u017ceczka startej sk\u00f3rki cytrynowej, \u0142y\u017ceczka cukru waniliowego, \u0107wier\u0107 \u0142y\u017ceczki cynamonu, 10 \u0142y\u017cek cukru, p\u00f3\u0142torej szklanki pokruszonych herbatnik\u00f3w lub kruchych ciastek, 3 \u0142y\u017cki mas\u0142a, 2 bia\u0142ka 1. Herbatniki lub ciastka wymiesza\u0107 z rozpuszczonym mas\u0142em na mas\u0119 i roz\u0142o\u017cy\u0107 j\u0105 na dnie \u017caroodpornego naczynia. 2. Rabarbar obra\u0107, pokroi\u0107 w centymetrowe kawa\u0142ki. U\u0142o\u017cy\u0107 [&hellip;]<\/p>\n","protected":false},"author":2,"featured_media":0,"comment_status":"open","ping_status":"open","sticky":false,"template":"","format":"standard","meta":{"footnotes":""},"categories":[1],"tags":[],"_links":{"self":[{"href":"https:\/\/blog.polityka.pl\/adamczewski\/wp-json\/wp\/v2\/posts\/10265"}],"collection":[{"href":"https:\/\/blog.polityka.pl\/adamczewski\/wp-json\/wp\/v2\/posts"}],"about":[{"href":"https:\/\/blog.polityka.pl\/adamczewski\/wp-json\/wp\/v2\/types\/post"}],"author":[{"embeddable":true,"href":"https:\/\/blog.polityka.pl\/adamczewski\/wp-json\/wp\/v2\/users\/2"}],"replies":[{"embeddable":true,"href":"https:\/\/blog.polityka.pl\/adamczewski\/wp-json\/wp\/v2\/comments?post=10265"}],"version-history":[{"count":0,"href":"https:\/\/blog.polityka.pl\/adamczewski\/wp-json\/wp\/v2\/posts\/10265\/revisions"}],"wp:attachment":[{"href":"https:\/\/blog.polityka.pl\/adamczewski\/wp-json\/wp\/v2\/media?parent=10265"}],"wp:term":[{"taxonomy":"category","embeddable":true,"href":"https:\/\/blog.polityka.pl\/adamczewski\/wp-json\/wp\/v2\/categories?post=10265"},{"taxonomy":"post_tag","embeddable":true,"href":"https:\/\/blog.polityka.pl\/adamczewski\/wp-json\/wp\/v2\/tags?post=10265"}],"curies":[{"name":"wp","href":"https:\/\/api.w.org\/{rel}","templated":true}]}}