
{"id":10266,"date":"2009-06-08T06:43:18","date_gmt":"2009-06-08T05:43:18","guid":{"rendered":"http:\/\/adamczewscy.pl\/?p=2490"},"modified":"2009-06-08T06:43:18","modified_gmt":"2009-06-08T05:43:18","slug":"karp-z-makaronem-i-szpinakiem","status":"publish","type":"post","link":"https:\/\/blog.polityka.pl\/adamczewski\/2009\/06\/08\/karp-z-makaronem-i-szpinakiem\/","title":{"rendered":"Karp z makaronem i szpinakiem"},"content":{"rendered":"<p><em>Karp wagi oko\u0142o 1 kg lub p\u00f3\u0142 kg filet\u00f3w, 3 \u0142y\u017cki oleju lub oliwy, paczka szpinaku mro\u017conego lub p\u00f3\u0142 kg \u015bwie\u017cego, p\u00f3\u0142 paczki makaronu (rurki, kokardki itp. ) \u0142y\u017cka mas\u0142a, 2 \u0142y\u017cki m\u0105ki, szklanka \u015bmietanki 12-proc., \u017c\u00f3\u0142tko, s\u00f3l, pieprz, ew. szczypta cynamonu (bardzo dodaje smaku).<br \/>\nDo wysmarowania \u017caroodpornego naczynia: \u0142y\u017cka mas\u0142a<\/em><\/p>\n<p>1. Ryb\u0119 sprawi\u0107 i wyfiletowa\u0107, podzieli\u0107 na porcje, posypa\u0107 sol\u0105 i m\u0105k\u0105, usma\u017cy\u0107 na rozgrzanym oleju lub oliwie.<br \/>\n2. Makaron ugotowa\u0107 w osolonej wodzie (al dente), odcedzi\u0107.<br \/>\n3. Szpinak mro\u017cony rozmrozi\u0107, szpinak \u015bwie\u017cy posieka\u0107, i w jednym i w drugim przypadku podsma\u017cy\u0107 na ma\u015ble dodaj\u0105c s\u00f3l i pieprz oraz ew. cynamon.<br \/>\n4. W wysmarowanym mas\u0142em \u017caroodpornym naczyniu u\u0142o\u017cy\u0107 kawa\u0142ki karpia, na nim ods\u0105czony makaron i na wierzchu szpinak.<br \/>\n5. Wymiesza\u0107 \u015bmietank\u0119 z sol\u0105 i \u017c\u00f3\u0142tkiem, pola\u0107 zapiekank\u0119 z wierzchu.<br \/>\n6. Nagrza\u0107 piekarnik do temperatury 180 st C i zapieka\u0107 w nim ryb\u0119 oko\u0142o 20 minut.<\/p>\n","protected":false},"excerpt":{"rendered":"<p>Karp wagi oko\u0142o 1 kg lub p\u00f3\u0142 kg filet\u00f3w, 3 \u0142y\u017cki oleju lub oliwy, paczka szpinaku mro\u017conego lub p\u00f3\u0142 kg \u015bwie\u017cego, p\u00f3\u0142 paczki makaronu (rurki, kokardki itp. ) \u0142y\u017cka mas\u0142a, 2 \u0142y\u017cki m\u0105ki, szklanka \u015bmietanki 12-proc., \u017c\u00f3\u0142tko, s\u00f3l, pieprz, ew. szczypta cynamonu (bardzo dodaje smaku). Do wysmarowania \u017caroodpornego naczynia: \u0142y\u017cka mas\u0142a 1. Ryb\u0119 sprawi\u0107 i [&hellip;]<\/p>\n","protected":false},"author":2,"featured_media":0,"comment_status":"open","ping_status":"open","sticky":false,"template":"","format":"standard","meta":{"footnotes":""},"categories":[1],"tags":[],"_links":{"self":[{"href":"https:\/\/blog.polityka.pl\/adamczewski\/wp-json\/wp\/v2\/posts\/10266"}],"collection":[{"href":"https:\/\/blog.polityka.pl\/adamczewski\/wp-json\/wp\/v2\/posts"}],"about":[{"href":"https:\/\/blog.polityka.pl\/adamczewski\/wp-json\/wp\/v2\/types\/post"}],"author":[{"embeddable":true,"href":"https:\/\/blog.polityka.pl\/adamczewski\/wp-json\/wp\/v2\/users\/2"}],"replies":[{"embeddable":true,"href":"https:\/\/blog.polityka.pl\/adamczewski\/wp-json\/wp\/v2\/comments?post=10266"}],"version-history":[{"count":0,"href":"https:\/\/blog.polityka.pl\/adamczewski\/wp-json\/wp\/v2\/posts\/10266\/revisions"}],"wp:attachment":[{"href":"https:\/\/blog.polityka.pl\/adamczewski\/wp-json\/wp\/v2\/media?parent=10266"}],"wp:term":[{"taxonomy":"category","embeddable":true,"href":"https:\/\/blog.polityka.pl\/adamczewski\/wp-json\/wp\/v2\/categories?post=10266"},{"taxonomy":"post_tag","embeddable":true,"href":"https:\/\/blog.polityka.pl\/adamczewski\/wp-json\/wp\/v2\/tags?post=10266"}],"curies":[{"name":"wp","href":"https:\/\/api.w.org\/{rel}","templated":true}]}}