
{"id":10267,"date":"2009-06-08T06:44:11","date_gmt":"2009-06-08T05:44:11","guid":{"rendered":"http:\/\/adamczewscy.pl\/?p=2491"},"modified":"2009-06-08T06:44:11","modified_gmt":"2009-06-08T05:44:11","slug":"marchew-z-gruszka-i-migdalami","status":"publish","type":"post","link":"https:\/\/blog.polityka.pl\/adamczewski\/2009\/06\/08\/marchew-z-gruszka-i-migdalami\/","title":{"rendered":"Marchew z gruszk\u0105 i migda\u0142ami"},"content":{"rendered":"<p><em>4 marchwie, 2 \u0142y\u017cki p\u0142atk\u00f3w migda\u0142owych, niezbyt mi\u0119kka gruszka, sok z cytryny do smaku.<br \/>\nNa sos: 2 \u0142y\u017cki majonezu, 4 \u0142y\u017cki g\u0119stego naturalnego jogurtu, s\u00f3l, pieprz, szczypta mielonego kminku.\u00a0<\/em><\/p>\n<p>1. Marchew obra\u0107, op\u0142uka\u0107, zetrze\u0107 na grubej jarzynowej tarce. Pokropi\u0107 sokiem cytrynowym.<br \/>\n2. Gruszk\u0119 pokroi\u0107 na jak najcie\u0144sze paseczki i wymiesza\u0107 z marchewk\u0105.<br \/>\n3. Wymiesza\u0107 majonez i jogurt, doprawi\u0107 sol\u0105, pieprzem i kminkiem. Pola\u0107 sur\u00f3wk\u0119. Wymiesza\u0107. Po wierzchu posypa\u0107 p\u0142atkami migda\u0142owymi.<\/p>\n","protected":false},"excerpt":{"rendered":"<p>4 marchwie, 2 \u0142y\u017cki p\u0142atk\u00f3w migda\u0142owych, niezbyt mi\u0119kka gruszka, sok z cytryny do smaku. Na sos: 2 \u0142y\u017cki majonezu, 4 \u0142y\u017cki g\u0119stego naturalnego jogurtu, s\u00f3l, pieprz, szczypta mielonego kminku.\u00a0 1. Marchew obra\u0107, op\u0142uka\u0107, zetrze\u0107 na grubej jarzynowej tarce. Pokropi\u0107 sokiem cytrynowym. 2. Gruszk\u0119 pokroi\u0107 na jak najcie\u0144sze paseczki i wymiesza\u0107 z marchewk\u0105. 3. Wymiesza\u0107 majonez [&hellip;]<\/p>\n","protected":false},"author":2,"featured_media":0,"comment_status":"open","ping_status":"open","sticky":false,"template":"","format":"standard","meta":{"footnotes":""},"categories":[1],"tags":[],"_links":{"self":[{"href":"https:\/\/blog.polityka.pl\/adamczewski\/wp-json\/wp\/v2\/posts\/10267"}],"collection":[{"href":"https:\/\/blog.polityka.pl\/adamczewski\/wp-json\/wp\/v2\/posts"}],"about":[{"href":"https:\/\/blog.polityka.pl\/adamczewski\/wp-json\/wp\/v2\/types\/post"}],"author":[{"embeddable":true,"href":"https:\/\/blog.polityka.pl\/adamczewski\/wp-json\/wp\/v2\/users\/2"}],"replies":[{"embeddable":true,"href":"https:\/\/blog.polityka.pl\/adamczewski\/wp-json\/wp\/v2\/comments?post=10267"}],"version-history":[{"count":0,"href":"https:\/\/blog.polityka.pl\/adamczewski\/wp-json\/wp\/v2\/posts\/10267\/revisions"}],"wp:attachment":[{"href":"https:\/\/blog.polityka.pl\/adamczewski\/wp-json\/wp\/v2\/media?parent=10267"}],"wp:term":[{"taxonomy":"category","embeddable":true,"href":"https:\/\/blog.polityka.pl\/adamczewski\/wp-json\/wp\/v2\/categories?post=10267"},{"taxonomy":"post_tag","embeddable":true,"href":"https:\/\/blog.polityka.pl\/adamczewski\/wp-json\/wp\/v2\/tags?post=10267"}],"curies":[{"name":"wp","href":"https:\/\/api.w.org\/{rel}","templated":true}]}}