
{"id":10268,"date":"2009-06-15T05:29:18","date_gmt":"2009-06-15T04:29:18","guid":{"rendered":"http:\/\/adamczewscy.pl\/?p=2494"},"modified":"2009-06-15T05:29:18","modified_gmt":"2009-06-15T04:29:18","slug":"zupa-fasolowo-sliwkowa","status":"publish","type":"post","link":"https:\/\/blog.polityka.pl\/adamczewski\/2009\/06\/15\/zupa-fasolowo-sliwkowa\/","title":{"rendered":"Zupa fasolowo-\u015bliwkowa"},"content":{"rendered":"<p><em>(6 porcji)<br \/>\n20 dag fasoli Ja\u015b, 10 dag suszonych \u015bliwek bez pestek, 6 szklanki wody, \u0142y\u017cka mas\u0142a, s\u00f3l, odrobina cukru i startej ga\u0142ki muszkato\u0142owej.\u00a0<\/em><\/p>\n<p>1. Fasol\u0119 Ja\u015b namoczy\u0107 w 4 szklankach wody i nast\u0119pnego dnia ugotowa\u0107.<br \/>\n2. \u015aliwki w trakcie gotowania si\u0119 fasoli umy\u0107, zala\u0107 2 szklankami wody i ugotowa\u0107.<br \/>\n3. Ugotowane na mi\u0119kko \u015bliwki z wywarem i ugotowan\u0105 fasol\u0119 (tak\u017ce z wywarem) po\u0142\u0105czy\u0107, doda\u0107 mas\u0142o i start\u0105 ga\u0142k\u0119 muszkato\u0142ow\u0105 oraz w razie potrzeby cukier i s\u00f3l. Zagotowa\u0107. Mo\u017cna lekko rozdrobni\u0107 przy pomocy widelca zar\u00f3wno fasol\u0119 jak \u015bliwki.<\/p>\n","protected":false},"excerpt":{"rendered":"<p>(6 porcji) 20 dag fasoli Ja\u015b, 10 dag suszonych \u015bliwek bez pestek, 6 szklanki wody, \u0142y\u017cka mas\u0142a, s\u00f3l, odrobina cukru i startej ga\u0142ki muszkato\u0142owej.\u00a0 1. Fasol\u0119 Ja\u015b namoczy\u0107 w 4 szklankach wody i nast\u0119pnego dnia ugotowa\u0107. 2. \u015aliwki w trakcie gotowania si\u0119 fasoli umy\u0107, zala\u0107 2 szklankami wody i ugotowa\u0107. 3. Ugotowane na mi\u0119kko \u015bliwki [&hellip;]<\/p>\n","protected":false},"author":2,"featured_media":0,"comment_status":"open","ping_status":"open","sticky":false,"template":"","format":"standard","meta":{"footnotes":""},"categories":[1],"tags":[],"_links":{"self":[{"href":"https:\/\/blog.polityka.pl\/adamczewski\/wp-json\/wp\/v2\/posts\/10268"}],"collection":[{"href":"https:\/\/blog.polityka.pl\/adamczewski\/wp-json\/wp\/v2\/posts"}],"about":[{"href":"https:\/\/blog.polityka.pl\/adamczewski\/wp-json\/wp\/v2\/types\/post"}],"author":[{"embeddable":true,"href":"https:\/\/blog.polityka.pl\/adamczewski\/wp-json\/wp\/v2\/users\/2"}],"replies":[{"embeddable":true,"href":"https:\/\/blog.polityka.pl\/adamczewski\/wp-json\/wp\/v2\/comments?post=10268"}],"version-history":[{"count":0,"href":"https:\/\/blog.polityka.pl\/adamczewski\/wp-json\/wp\/v2\/posts\/10268\/revisions"}],"wp:attachment":[{"href":"https:\/\/blog.polityka.pl\/adamczewski\/wp-json\/wp\/v2\/media?parent=10268"}],"wp:term":[{"taxonomy":"category","embeddable":true,"href":"https:\/\/blog.polityka.pl\/adamczewski\/wp-json\/wp\/v2\/categories?post=10268"},{"taxonomy":"post_tag","embeddable":true,"href":"https:\/\/blog.polityka.pl\/adamczewski\/wp-json\/wp\/v2\/tags?post=10268"}],"curies":[{"name":"wp","href":"https:\/\/api.w.org\/{rel}","templated":true}]}}