
{"id":10269,"date":"2009-06-15T05:30:00","date_gmt":"2009-06-15T04:30:00","guid":{"rendered":"http:\/\/adamczewscy.pl\/?p=2495"},"modified":"2009-06-15T05:30:00","modified_gmt":"2009-06-15T04:30:00","slug":"sznycle-zapieczone-w-sosie","status":"publish","type":"post","link":"https:\/\/blog.polityka.pl\/adamczewski\/2009\/06\/15\/sznycle-zapieczone-w-sosie\/","title":{"rendered":"Sznycle zapieczone w sosie"},"content":{"rendered":"<p><em>4 sznycle ciel\u0119ce lub z piersi indyka, 2 \u0142y\u017cki oleju, 3\/4 szklanki roso\u0142u wo\u0142owego (z kostki), 4 plasterki \u017c\u00f3\u0142tego sera. Na sos: 2 pomidory, cebula, 4 \u0142odygi selera  naciowego, po \u0142y\u017ceczce siekanych \u015bwie\u017cych zi\u00f3\u0142: bazylii i tymianku, z\u0105bek czosnku, szczypta ostrej papryki, s\u00f3l, pieprz.\u00a0<\/em><\/p>\n<p>1. Przygotowa\u0107 sos: cebul\u0119 posieka\u0107, doda\u0107 pokrojone na centymetrowe kawa\u0142ki \u0142odygi selera, wla\u0107 ros\u00f3\u0142 i dusi\u0107 6-8 minut.<br \/>\n2. Doda\u0107 obrane ze sk\u00f3rki i pokrojone na kawa\u0142ki pomidory, doda\u0107 tymianek i dusi\u0107 oko\u0142o 15-20 minut.<br \/>\n3. Doda\u0107 posiekany czosnek i bazyli\u0119, zmiksowa\u0107 sos, doda\u0107 ostr\u0105 papryk\u0119.<br \/>\n4. Sznycle zbi\u0107 t\u0142uczkiem do mi\u0119sa, posoli\u0107 i posypa\u0107 pieprzem, obsma\u017cy\u0107 na oleju z obu stron.<br \/>\n4. Wyla\u0107 sos do \u017caroodpornego naczynia, na sosie pouk\u0142ada\u0107 sznycle, na nich \u017c\u00f3\u0142ty ser i zapieka\u0107 15 minut w piekarniku nagrzanym do temperatury 220 st C.<\/p>\n","protected":false},"excerpt":{"rendered":"<p>4 sznycle ciel\u0119ce lub z piersi indyka, 2 \u0142y\u017cki oleju, 3\/4 szklanki roso\u0142u wo\u0142owego (z kostki), 4 plasterki \u017c\u00f3\u0142tego sera. Na sos: 2 pomidory, cebula, 4 \u0142odygi selera naciowego, po \u0142y\u017ceczce siekanych \u015bwie\u017cych zi\u00f3\u0142: bazylii i tymianku, z\u0105bek czosnku, szczypta ostrej papryki, s\u00f3l, pieprz.\u00a0 1. Przygotowa\u0107 sos: cebul\u0119 posieka\u0107, doda\u0107 pokrojone na centymetrowe kawa\u0142ki \u0142odygi [&hellip;]<\/p>\n","protected":false},"author":2,"featured_media":0,"comment_status":"open","ping_status":"open","sticky":false,"template":"","format":"standard","meta":{"footnotes":""},"categories":[1],"tags":[],"_links":{"self":[{"href":"https:\/\/blog.polityka.pl\/adamczewski\/wp-json\/wp\/v2\/posts\/10269"}],"collection":[{"href":"https:\/\/blog.polityka.pl\/adamczewski\/wp-json\/wp\/v2\/posts"}],"about":[{"href":"https:\/\/blog.polityka.pl\/adamczewski\/wp-json\/wp\/v2\/types\/post"}],"author":[{"embeddable":true,"href":"https:\/\/blog.polityka.pl\/adamczewski\/wp-json\/wp\/v2\/users\/2"}],"replies":[{"embeddable":true,"href":"https:\/\/blog.polityka.pl\/adamczewski\/wp-json\/wp\/v2\/comments?post=10269"}],"version-history":[{"count":0,"href":"https:\/\/blog.polityka.pl\/adamczewski\/wp-json\/wp\/v2\/posts\/10269\/revisions"}],"wp:attachment":[{"href":"https:\/\/blog.polityka.pl\/adamczewski\/wp-json\/wp\/v2\/media?parent=10269"}],"wp:term":[{"taxonomy":"category","embeddable":true,"href":"https:\/\/blog.polityka.pl\/adamczewski\/wp-json\/wp\/v2\/categories?post=10269"},{"taxonomy":"post_tag","embeddable":true,"href":"https:\/\/blog.polityka.pl\/adamczewski\/wp-json\/wp\/v2\/tags?post=10269"}],"curies":[{"name":"wp","href":"https:\/\/api.w.org\/{rel}","templated":true}]}}