
{"id":10270,"date":"2009-06-15T05:30:40","date_gmt":"2009-06-15T04:30:40","guid":{"rendered":"http:\/\/adamczewscy.pl\/?p=2496"},"modified":"2009-06-15T05:30:40","modified_gmt":"2009-06-15T04:30:40","slug":"surowka-z-kapusty-pekinskiej-2","status":"publish","type":"post","link":"https:\/\/blog.polityka.pl\/adamczewski\/2009\/06\/15\/surowka-z-kapusty-pekinskiej-2\/","title":{"rendered":"Sur\u00f3wka z kapusty peki\u0144skiej"},"content":{"rendered":"<p><em>\u015arednia kapusta peki\u0144ska, 2 jab\u0142ka, p\u00f3\u0142 szklanki oliwek nadziewanych papryk\u0105, dymka, \u0142y\u017cka siekanej zielonej pietruszki, \u0142y\u017cka oliwy lub oleju, sok z cytryny, s\u00f3l, pieprz.\u00a0<\/em><\/p>\n<p>1. Kapust\u0119 oczyszczon\u0105 z uszkodzonych li\u015bci przekroi\u0107 na p\u00f3\u0142, poszatkowa\u0107 cienko, posoli\u0107.<br \/>\n2. Jab\u0142ka pokroi\u0107 na cienkie paseczki wraz ze sk\u00f3rk\u0105, cebul\u0119 posieka\u0107, oliwki ods\u0105czone z zalewy pokroi\u0107 w plasterki<br \/>\n3. Wszystkie sk\u0142adniki wymiesza\u0107, doprawi\u0107 sol\u0105 i pieprzem oraz sokiem cytrynowym i olejem lub oliw\u0105.<\/p>\n","protected":false},"excerpt":{"rendered":"<p>\u015arednia kapusta peki\u0144ska, 2 jab\u0142ka, p\u00f3\u0142 szklanki oliwek nadziewanych papryk\u0105, dymka, \u0142y\u017cka siekanej zielonej pietruszki, \u0142y\u017cka oliwy lub oleju, sok z cytryny, s\u00f3l, pieprz.\u00a0 1. Kapust\u0119 oczyszczon\u0105 z uszkodzonych li\u015bci przekroi\u0107 na p\u00f3\u0142, poszatkowa\u0107 cienko, posoli\u0107. 2. Jab\u0142ka pokroi\u0107 na cienkie paseczki wraz ze sk\u00f3rk\u0105, cebul\u0119 posieka\u0107, oliwki ods\u0105czone z zalewy pokroi\u0107 w plasterki 3. [&hellip;]<\/p>\n","protected":false},"author":2,"featured_media":0,"comment_status":"open","ping_status":"open","sticky":false,"template":"","format":"standard","meta":{"footnotes":""},"categories":[1],"tags":[],"_links":{"self":[{"href":"https:\/\/blog.polityka.pl\/adamczewski\/wp-json\/wp\/v2\/posts\/10270"}],"collection":[{"href":"https:\/\/blog.polityka.pl\/adamczewski\/wp-json\/wp\/v2\/posts"}],"about":[{"href":"https:\/\/blog.polityka.pl\/adamczewski\/wp-json\/wp\/v2\/types\/post"}],"author":[{"embeddable":true,"href":"https:\/\/blog.polityka.pl\/adamczewski\/wp-json\/wp\/v2\/users\/2"}],"replies":[{"embeddable":true,"href":"https:\/\/blog.polityka.pl\/adamczewski\/wp-json\/wp\/v2\/comments?post=10270"}],"version-history":[{"count":0,"href":"https:\/\/blog.polityka.pl\/adamczewski\/wp-json\/wp\/v2\/posts\/10270\/revisions"}],"wp:attachment":[{"href":"https:\/\/blog.polityka.pl\/adamczewski\/wp-json\/wp\/v2\/media?parent=10270"}],"wp:term":[{"taxonomy":"category","embeddable":true,"href":"https:\/\/blog.polityka.pl\/adamczewski\/wp-json\/wp\/v2\/categories?post=10270"},{"taxonomy":"post_tag","embeddable":true,"href":"https:\/\/blog.polityka.pl\/adamczewski\/wp-json\/wp\/v2\/tags?post=10270"}],"curies":[{"name":"wp","href":"https:\/\/api.w.org\/{rel}","templated":true}]}}