
{"id":10272,"date":"2009-06-15T05:32:09","date_gmt":"2009-06-15T04:32:09","guid":{"rendered":"http:\/\/adamczewscy.pl\/?p=2498"},"modified":"2009-06-15T05:32:09","modified_gmt":"2009-06-15T04:32:09","slug":"nalesniki-z-nadzieniem-z-indyka","status":"publish","type":"post","link":"https:\/\/blog.polityka.pl\/adamczewski\/2009\/06\/15\/nalesniki-z-nadzieniem-z-indyka\/","title":{"rendered":"Nale\u015bniki z nadzieniem z indyka"},"content":{"rendered":"<p><em>8 nale\u015bnik\u00f3w, 2 szklanki pokrojonego w kostk\u0119 mi\u0119sa z piersi indyka, \u0142y\u017cka mas\u0142a, 3 \u0142y\u017cki m\u0105ki, p\u00f3\u0142 szklanki mleka, s\u00f3l, pieprz, p\u00f3\u0142 \u0142y\u017ceczki przyprawy curry. Do sma\u017cenia nale\u015bnik\u00f3w: 2 \u0142y\u017cki oleju<\/em><\/p>\n<p>1. Przygotowa\u0107 nadzienie: w garnku rozgrza\u0107 mas\u0142o, doda\u0107 m\u0105k\u0119 i curry, chwil\u0119 sma\u017cy\u0107, a\u017c zasma\u017cka spieni si\u0119, nast\u0119pnie powoli wlewa\u0107 mleko i miesza\u0107. Zagotowa\u0107.<br \/>\n2. Doprawi\u0107 sos sol\u0105 i pieprzem, doda\u0107 mi\u0119so i dok\u0142adnie wymiesza\u0107.<br \/>\n3. Przygotowane wed\u0142ug przepisu nale\u015bniki grubo smarowa\u0107 przygotowanym mi\u0119snym sosem, zwija\u0107 w rulony. Podsma\u017ca\u0107 na oleju.<\/p>\n","protected":false},"excerpt":{"rendered":"<p>8 nale\u015bnik\u00f3w, 2 szklanki pokrojonego w kostk\u0119 mi\u0119sa z piersi indyka, \u0142y\u017cka mas\u0142a, 3 \u0142y\u017cki m\u0105ki, p\u00f3\u0142 szklanki mleka, s\u00f3l, pieprz, p\u00f3\u0142 \u0142y\u017ceczki przyprawy curry. Do sma\u017cenia nale\u015bnik\u00f3w: 2 \u0142y\u017cki oleju 1. Przygotowa\u0107 nadzienie: w garnku rozgrza\u0107 mas\u0142o, doda\u0107 m\u0105k\u0119 i curry, chwil\u0119 sma\u017cy\u0107, a\u017c zasma\u017cka spieni si\u0119, nast\u0119pnie powoli wlewa\u0107 mleko i miesza\u0107. Zagotowa\u0107. [&hellip;]<\/p>\n","protected":false},"author":2,"featured_media":0,"comment_status":"open","ping_status":"open","sticky":false,"template":"","format":"standard","meta":{"footnotes":""},"categories":[1],"tags":[],"_links":{"self":[{"href":"https:\/\/blog.polityka.pl\/adamczewski\/wp-json\/wp\/v2\/posts\/10272"}],"collection":[{"href":"https:\/\/blog.polityka.pl\/adamczewski\/wp-json\/wp\/v2\/posts"}],"about":[{"href":"https:\/\/blog.polityka.pl\/adamczewski\/wp-json\/wp\/v2\/types\/post"}],"author":[{"embeddable":true,"href":"https:\/\/blog.polityka.pl\/adamczewski\/wp-json\/wp\/v2\/users\/2"}],"replies":[{"embeddable":true,"href":"https:\/\/blog.polityka.pl\/adamczewski\/wp-json\/wp\/v2\/comments?post=10272"}],"version-history":[{"count":0,"href":"https:\/\/blog.polityka.pl\/adamczewski\/wp-json\/wp\/v2\/posts\/10272\/revisions"}],"wp:attachment":[{"href":"https:\/\/blog.polityka.pl\/adamczewski\/wp-json\/wp\/v2\/media?parent=10272"}],"wp:term":[{"taxonomy":"category","embeddable":true,"href":"https:\/\/blog.polityka.pl\/adamczewski\/wp-json\/wp\/v2\/categories?post=10272"},{"taxonomy":"post_tag","embeddable":true,"href":"https:\/\/blog.polityka.pl\/adamczewski\/wp-json\/wp\/v2\/tags?post=10272"}],"curies":[{"name":"wp","href":"https:\/\/api.w.org\/{rel}","templated":true}]}}