
{"id":10273,"date":"2009-06-15T05:32:46","date_gmt":"2009-06-15T04:32:46","guid":{"rendered":"http:\/\/adamczewscy.pl\/?p=2499"},"modified":"2009-06-15T05:32:46","modified_gmt":"2009-06-15T04:32:46","slug":"kotlety-z-kurczaka-w-orzechach","status":"publish","type":"post","link":"https:\/\/blog.polityka.pl\/adamczewski\/2009\/06\/15\/kotlety-z-kurczaka-w-orzechach\/","title":{"rendered":"Kotlety z kurczaka w orzechach"},"content":{"rendered":"<p><em>2 podw\u00f3jne filety z piersi kurcz\u0119cej, jajko, p\u00f3\u0142torej \u0142y\u017cki maki, 2 \u0142y\u017cki posiekanych w\u0142oskich orzech\u00f3w, 2 \u0142y\u017cki tartej bu\u0142ki, 4 \u0142y\u017cki oleju lub oliwy, s\u00f3l, pieprz.\u00a0<\/em><\/p>\n<p>1. Filety podzieli\u0107 na 4 porcje, lekko zbi\u0107, opr\u00f3szy\u0107 sol\u0105 i pieprzem.<br \/>\n2. Jajko roztrzepa\u0107 z \u0142y\u017ck\u0105 wody.<br \/>\n3. posiekane orzechy wymiesza\u0107 z tart\u0105 bu\u0142k\u0105.<br \/>\n4. Macza\u0107 ka\u017cdy kotlet najpierw w rozbitym jajku, nast\u0119pnie w m\u0105ce, zn\u00f3w w jajku i w tartej bu\u0142ce z orzechami. Lekko docisn\u0105\u0107 panierk\u0119 d\u0142oni\u0105.<br \/>\n5. Olej lub oliw\u0119 rozgrza\u0107 na patelni sma\u017cy\u0107 kotlety z obu stron na z\u0142ocisto.<\/p>\n","protected":false},"excerpt":{"rendered":"<p>2 podw\u00f3jne filety z piersi kurcz\u0119cej, jajko, p\u00f3\u0142torej \u0142y\u017cki maki, 2 \u0142y\u017cki posiekanych w\u0142oskich orzech\u00f3w, 2 \u0142y\u017cki tartej bu\u0142ki, 4 \u0142y\u017cki oleju lub oliwy, s\u00f3l, pieprz.\u00a0 1. Filety podzieli\u0107 na 4 porcje, lekko zbi\u0107, opr\u00f3szy\u0107 sol\u0105 i pieprzem. 2. Jajko roztrzepa\u0107 z \u0142y\u017ck\u0105 wody. 3. posiekane orzechy wymiesza\u0107 z tart\u0105 bu\u0142k\u0105. 4. Macza\u0107 ka\u017cdy kotlet [&hellip;]<\/p>\n","protected":false},"author":2,"featured_media":0,"comment_status":"open","ping_status":"open","sticky":false,"template":"","format":"standard","meta":{"footnotes":""},"categories":[1],"tags":[],"_links":{"self":[{"href":"https:\/\/blog.polityka.pl\/adamczewski\/wp-json\/wp\/v2\/posts\/10273"}],"collection":[{"href":"https:\/\/blog.polityka.pl\/adamczewski\/wp-json\/wp\/v2\/posts"}],"about":[{"href":"https:\/\/blog.polityka.pl\/adamczewski\/wp-json\/wp\/v2\/types\/post"}],"author":[{"embeddable":true,"href":"https:\/\/blog.polityka.pl\/adamczewski\/wp-json\/wp\/v2\/users\/2"}],"replies":[{"embeddable":true,"href":"https:\/\/blog.polityka.pl\/adamczewski\/wp-json\/wp\/v2\/comments?post=10273"}],"version-history":[{"count":0,"href":"https:\/\/blog.polityka.pl\/adamczewski\/wp-json\/wp\/v2\/posts\/10273\/revisions"}],"wp:attachment":[{"href":"https:\/\/blog.polityka.pl\/adamczewski\/wp-json\/wp\/v2\/media?parent=10273"}],"wp:term":[{"taxonomy":"category","embeddable":true,"href":"https:\/\/blog.polityka.pl\/adamczewski\/wp-json\/wp\/v2\/categories?post=10273"},{"taxonomy":"post_tag","embeddable":true,"href":"https:\/\/blog.polityka.pl\/adamczewski\/wp-json\/wp\/v2\/tags?post=10273"}],"curies":[{"name":"wp","href":"https:\/\/api.w.org\/{rel}","templated":true}]}}