
{"id":10274,"date":"2009-06-15T05:33:23","date_gmt":"2009-06-15T04:33:23","guid":{"rendered":"http:\/\/adamczewscy.pl\/?p=2500"},"modified":"2009-06-15T05:33:23","modified_gmt":"2009-06-15T04:33:23","slug":"kalafior-z-maslem-fistaszkowym","status":"publish","type":"post","link":"https:\/\/blog.polityka.pl\/adamczewski\/2009\/06\/15\/kalafior-z-maslem-fistaszkowym\/","title":{"rendered":"Kalafior z mas\u0142em fistaszkowym"},"content":{"rendered":"<p><em>Ca\u0142y \u015bwie\u017cy kalafior lub paczka mro\u017conego, 10 dag orzeszk\u00f3w ziemnych (fistaszk\u00f3w), 5 \u0142y\u017cek mas\u0142a, \u0142y\u017ceczka przyprawy curry, p\u00f3\u0142 \u0142y\u017ceczki do kawy sosu Worcester, s\u00f3l.\u00a0<\/em><\/p>\n<p>1. Kalafior podzieli\u0107 na cz\u0105stki, ugotowa\u0107 w du\u017cej ilo\u015bci lekko osolonej wody, kiedy jest mi\u0119kki odcedzi\u0107 starannie.<br \/>\n2. Orzeszki przesieka\u0107 niezbyt drobno.<br \/>\n3. Mas\u0142o rozgrza\u0107 na patelni, doda\u0107 orzeszki i, usma\u017cy\u0107 na z\u0142oto, doprawi\u0107 przypraw\u0105 curry i sosem worcester.<br \/>\n4. Mas\u0142em z orzeszkami pola\u0107 kalafior.<br \/>\nUwaga, orzeszki s\u0105 s\u0142one, wi\u0119c woda do gotowania kalafiora nie powinna by\u0107 zbyt posolona.<\/p>\n","protected":false},"excerpt":{"rendered":"<p>Ca\u0142y \u015bwie\u017cy kalafior lub paczka mro\u017conego, 10 dag orzeszk\u00f3w ziemnych (fistaszk\u00f3w), 5 \u0142y\u017cek mas\u0142a, \u0142y\u017ceczka przyprawy curry, p\u00f3\u0142 \u0142y\u017ceczki do kawy sosu Worcester, s\u00f3l.\u00a0 1. Kalafior podzieli\u0107 na cz\u0105stki, ugotowa\u0107 w du\u017cej ilo\u015bci lekko osolonej wody, kiedy jest mi\u0119kki odcedzi\u0107 starannie. 2. Orzeszki przesieka\u0107 niezbyt drobno. 3. Mas\u0142o rozgrza\u0107 na patelni, doda\u0107 orzeszki i, usma\u017cy\u0107 [&hellip;]<\/p>\n","protected":false},"author":2,"featured_media":0,"comment_status":"open","ping_status":"open","sticky":false,"template":"","format":"standard","meta":{"footnotes":""},"categories":[1],"tags":[],"_links":{"self":[{"href":"https:\/\/blog.polityka.pl\/adamczewski\/wp-json\/wp\/v2\/posts\/10274"}],"collection":[{"href":"https:\/\/blog.polityka.pl\/adamczewski\/wp-json\/wp\/v2\/posts"}],"about":[{"href":"https:\/\/blog.polityka.pl\/adamczewski\/wp-json\/wp\/v2\/types\/post"}],"author":[{"embeddable":true,"href":"https:\/\/blog.polityka.pl\/adamczewski\/wp-json\/wp\/v2\/users\/2"}],"replies":[{"embeddable":true,"href":"https:\/\/blog.polityka.pl\/adamczewski\/wp-json\/wp\/v2\/comments?post=10274"}],"version-history":[{"count":0,"href":"https:\/\/blog.polityka.pl\/adamczewski\/wp-json\/wp\/v2\/posts\/10274\/revisions"}],"wp:attachment":[{"href":"https:\/\/blog.polityka.pl\/adamczewski\/wp-json\/wp\/v2\/media?parent=10274"}],"wp:term":[{"taxonomy":"category","embeddable":true,"href":"https:\/\/blog.polityka.pl\/adamczewski\/wp-json\/wp\/v2\/categories?post=10274"},{"taxonomy":"post_tag","embeddable":true,"href":"https:\/\/blog.polityka.pl\/adamczewski\/wp-json\/wp\/v2\/tags?post=10274"}],"curies":[{"name":"wp","href":"https:\/\/api.w.org\/{rel}","templated":true}]}}