
{"id":10277,"date":"2009-06-22T06:27:35","date_gmt":"2009-06-22T05:27:35","guid":{"rendered":"http:\/\/adamczewscy.pl\/?p=2505"},"modified":"2009-06-22T06:27:35","modified_gmt":"2009-06-22T05:27:35","slug":"knedle-z-truskawkami","status":"publish","type":"post","link":"https:\/\/blog.polityka.pl\/adamczewski\/2009\/06\/22\/knedle-z-truskawkami\/","title":{"rendered":"Knedle z truskawkami"},"content":{"rendered":"<p><em>20 dag p\u00f3\u0142t\u0142ustego bia\u0142ego sera, szklanka z dobrym czubek m\u0105ki krupczatki, \u017c\u00f3\u0142tko, spora szczypta soli, mniej wi\u0119cej p\u00f3\u0142 szklanki mleka, ok. 50 dag truskawek.<br \/>\nDo polania: p\u00f3\u0142 szklanki niskoprocentowej \u015bmietany lub jogurtu i cukier.\u00a0<\/em><\/p>\n<p>1. Bia\u0142y ser dok\u0142adnie rozdrobni\u0107 widelcem, doda\u0107 \u017c\u00f3\u0142tko, m\u0119k\u0119 i mleko, w takiej ilo\u015bci, aby uda\u0142o si\u0119 zagnie\u015b\u0107 ciasto.<br \/>\n2. Truskawki umy\u0107, dok\u0142adnie osuszy\u0107, oberwa\u0107 szypu\u0142ki.<br \/>\n3. Ciasto rozwa\u0142kowa\u0107 na grubo\u015b\u0107 oko\u0142o 1 cm, wycina\u0107 szklank\u0105 kr\u0105\u017cki, uk\u0142ada\u0107 na ka\u017cdym truskawk\u0119 i dok\u0142adnie ni\u0105 oblepia\u0107 owoc.<br \/>\n4. Zagotowa\u0107 w garnku 3-4 litry osolonej wody i wrzuca\u0107 knedle, gotowa\u0107 3 do 4 minut. Wyjmowa\u0107 \u0142y\u017ck\u0105 cedzakow\u0105.<br \/>\n5. Osobno poda\u0107 \u015bmietan\u0119 lub jogurt i cukier.<br \/>\nZamiast \u015bmietany lub jogurtu doskonale smakuje tak\u017ce roztopione mas\u0142o.<\/p>\n","protected":false},"excerpt":{"rendered":"<p>20 dag p\u00f3\u0142t\u0142ustego bia\u0142ego sera, szklanka z dobrym czubek m\u0105ki krupczatki, \u017c\u00f3\u0142tko, spora szczypta soli, mniej wi\u0119cej p\u00f3\u0142 szklanki mleka, ok. 50 dag truskawek. Do polania: p\u00f3\u0142 szklanki niskoprocentowej \u015bmietany lub jogurtu i cukier.\u00a0 1. Bia\u0142y ser dok\u0142adnie rozdrobni\u0107 widelcem, doda\u0107 \u017c\u00f3\u0142tko, m\u0119k\u0119 i mleko, w takiej ilo\u015bci, aby uda\u0142o si\u0119 zagnie\u015b\u0107 ciasto. 2. Truskawki [&hellip;]<\/p>\n","protected":false},"author":2,"featured_media":0,"comment_status":"open","ping_status":"open","sticky":false,"template":"","format":"standard","meta":{"footnotes":""},"categories":[1],"tags":[],"_links":{"self":[{"href":"https:\/\/blog.polityka.pl\/adamczewski\/wp-json\/wp\/v2\/posts\/10277"}],"collection":[{"href":"https:\/\/blog.polityka.pl\/adamczewski\/wp-json\/wp\/v2\/posts"}],"about":[{"href":"https:\/\/blog.polityka.pl\/adamczewski\/wp-json\/wp\/v2\/types\/post"}],"author":[{"embeddable":true,"href":"https:\/\/blog.polityka.pl\/adamczewski\/wp-json\/wp\/v2\/users\/2"}],"replies":[{"embeddable":true,"href":"https:\/\/blog.polityka.pl\/adamczewski\/wp-json\/wp\/v2\/comments?post=10277"}],"version-history":[{"count":0,"href":"https:\/\/blog.polityka.pl\/adamczewski\/wp-json\/wp\/v2\/posts\/10277\/revisions"}],"wp:attachment":[{"href":"https:\/\/blog.polityka.pl\/adamczewski\/wp-json\/wp\/v2\/media?parent=10277"}],"wp:term":[{"taxonomy":"category","embeddable":true,"href":"https:\/\/blog.polityka.pl\/adamczewski\/wp-json\/wp\/v2\/categories?post=10277"},{"taxonomy":"post_tag","embeddable":true,"href":"https:\/\/blog.polityka.pl\/adamczewski\/wp-json\/wp\/v2\/tags?post=10277"}],"curies":[{"name":"wp","href":"https:\/\/api.w.org\/{rel}","templated":true}]}}