
{"id":10278,"date":"2009-06-22T06:28:39","date_gmt":"2009-06-22T05:28:39","guid":{"rendered":"http:\/\/adamczewscy.pl\/?p=2506"},"modified":"2009-06-22T06:28:39","modified_gmt":"2009-06-22T05:28:39","slug":"grzybek-z-truskawkami","status":"publish","type":"post","link":"https:\/\/blog.polityka.pl\/adamczewski\/2009\/06\/22\/grzybek-z-truskawkami\/","title":{"rendered":"Grzybek z truskawkami"},"content":{"rendered":"<p><em>4 jaja, 4 \u0142y\u017cki maki, 4 \u0142y\u017cki cukru, p\u00f3\u0142 \u0142y\u017ceczki proszku do pieczenia, szczypta soli, ok. 30 dag truskawek. Do wysmarowania tortownicy: \u0142y\u017cka mas\u0142a. Do posypania: \u0142y\u017cka cukru pudru.\u00a0<\/em><\/p>\n<p>1. Truskawki op\u0142uka\u0107, usun\u0105\u0107 szypu\u0142ki, u\u0142o\u017cy\u0107 owoce na papierowym r\u0119czniku, aby doskonale wysch\u0142y.<br \/>\n2. W\u0142\u0105czy\u0107 piekarnik i nagrza\u0107 do temperatury 170 st C.<br \/>\n3. Oddzieli\u0107 \u017c\u00f3\u0142tka od bia\u0142ek. Bia\u0142ka umie\u015bci\u0107 w do\u015b\u0107 wysokim naczyniu.<br \/>\n4. Ubi\u0107 bia\u0142ka z odrobin\u0105 soli na sztywn\u0105 pian\u0119, pod koniec doda\u0107 cukier i ubija\u0107, a\u017c po\u0142\u0105czy si\u0119 z pian\u0105.<br \/>\n5. Do piany doda\u0107 m\u0105k\u0119 z proszkiem i \u017c\u00f3\u0142tka, ostro\u017cnie wymiesza\u0107.<br \/>\n6. Du\u017c\u0105 tortownic\u0119 (\u015brednicy oko\u0142o 30 cm) lub innej formy spor\u0105 blaszk\u0119 wysmarowa\u0107 mas\u0142em, wyla\u0107 do niej ciasto a wierzch posypa\u0107 truskawkami.<br \/>\n7. Piec oko\u0142o 15 minut.<br \/>\nMo\u017cna podawa\u0107 na zimno lub na gor\u0105co.<\/p>\n","protected":false},"excerpt":{"rendered":"<p>4 jaja, 4 \u0142y\u017cki maki, 4 \u0142y\u017cki cukru, p\u00f3\u0142 \u0142y\u017ceczki proszku do pieczenia, szczypta soli, ok. 30 dag truskawek. Do wysmarowania tortownicy: \u0142y\u017cka mas\u0142a. Do posypania: \u0142y\u017cka cukru pudru.\u00a0 1. Truskawki op\u0142uka\u0107, usun\u0105\u0107 szypu\u0142ki, u\u0142o\u017cy\u0107 owoce na papierowym r\u0119czniku, aby doskonale wysch\u0142y. 2. W\u0142\u0105czy\u0107 piekarnik i nagrza\u0107 do temperatury 170 st C. 3. Oddzieli\u0107 \u017c\u00f3\u0142tka [&hellip;]<\/p>\n","protected":false},"author":2,"featured_media":0,"comment_status":"open","ping_status":"open","sticky":false,"template":"","format":"standard","meta":{"footnotes":""},"categories":[1],"tags":[],"_links":{"self":[{"href":"https:\/\/blog.polityka.pl\/adamczewski\/wp-json\/wp\/v2\/posts\/10278"}],"collection":[{"href":"https:\/\/blog.polityka.pl\/adamczewski\/wp-json\/wp\/v2\/posts"}],"about":[{"href":"https:\/\/blog.polityka.pl\/adamczewski\/wp-json\/wp\/v2\/types\/post"}],"author":[{"embeddable":true,"href":"https:\/\/blog.polityka.pl\/adamczewski\/wp-json\/wp\/v2\/users\/2"}],"replies":[{"embeddable":true,"href":"https:\/\/blog.polityka.pl\/adamczewski\/wp-json\/wp\/v2\/comments?post=10278"}],"version-history":[{"count":0,"href":"https:\/\/blog.polityka.pl\/adamczewski\/wp-json\/wp\/v2\/posts\/10278\/revisions"}],"wp:attachment":[{"href":"https:\/\/blog.polityka.pl\/adamczewski\/wp-json\/wp\/v2\/media?parent=10278"}],"wp:term":[{"taxonomy":"category","embeddable":true,"href":"https:\/\/blog.polityka.pl\/adamczewski\/wp-json\/wp\/v2\/categories?post=10278"},{"taxonomy":"post_tag","embeddable":true,"href":"https:\/\/blog.polityka.pl\/adamczewski\/wp-json\/wp\/v2\/tags?post=10278"}],"curies":[{"name":"wp","href":"https:\/\/api.w.org\/{rel}","templated":true}]}}