
{"id":10279,"date":"2009-06-22T06:29:47","date_gmt":"2009-06-22T05:29:47","guid":{"rendered":"http:\/\/adamczewscy.pl\/?p=2507"},"modified":"2009-06-22T06:29:47","modified_gmt":"2009-06-22T05:29:47","slug":"babka-ubijana","status":"publish","type":"post","link":"https:\/\/blog.polityka.pl\/adamczewski\/2009\/06\/22\/babka-ubijana\/","title":{"rendered":"Babka ubijana"},"content":{"rendered":"<p><em>3 szklanki m\u0105ki, ma\u0142y proszek do pieczenia, 4 jajka, szklanka cukru, \u0142y\u017cka mas\u0142a, szklanka kwa\u015bnej \u015bmietany 18-proc., cukier wanilinowy. Do posypania ciasta: 2-3 \u0142y\u017cki cukru?pudru.<br \/>\nDo posmarowania blaszki: \u0142y\u017cka mas\u0142a.\u00a0<\/em><\/p>\n<p>1. Jajka, \u015bmietan\u0119, cukier i mas\u0142o ubi\u0107 mikserem lub r\u0119czn\u0105 trzepaczka do piany, po czym dodawa\u0107 &#8211; nadal ubijaj\u0105c &#8211; m\u0105k\u0119 wymieszan\u0105 z proszkiem do pieczenia oraz cukier wanilinowy.<br \/>\n2. Przela\u0107 mas\u0119 do wysmarowanej mas\u0142em blaszki keks\u00f3wki i piec w temperaturze 180 st C oko\u0142o 30 minut. Sprawdzi\u0107 zaostrzonym patyczkiem, je\u015bli jest suchy-ciasto jest upieczone.<br \/>\n3. Kiedy ciasto nieco przestygnie ? posypa\u0107 przez sitko cukrem pudrem.<\/p>\n","protected":false},"excerpt":{"rendered":"<p>3 szklanki m\u0105ki, ma\u0142y proszek do pieczenia, 4 jajka, szklanka cukru, \u0142y\u017cka mas\u0142a, szklanka kwa\u015bnej \u015bmietany 18-proc., cukier wanilinowy. Do posypania ciasta: 2-3 \u0142y\u017cki cukru?pudru. Do posmarowania blaszki: \u0142y\u017cka mas\u0142a.\u00a0 1. Jajka, \u015bmietan\u0119, cukier i mas\u0142o ubi\u0107 mikserem lub r\u0119czn\u0105 trzepaczka do piany, po czym dodawa\u0107 &#8211; nadal ubijaj\u0105c &#8211; m\u0105k\u0119 wymieszan\u0105 z proszkiem do [&hellip;]<\/p>\n","protected":false},"author":2,"featured_media":0,"comment_status":"open","ping_status":"open","sticky":false,"template":"","format":"standard","meta":{"footnotes":""},"categories":[1],"tags":[],"_links":{"self":[{"href":"https:\/\/blog.polityka.pl\/adamczewski\/wp-json\/wp\/v2\/posts\/10279"}],"collection":[{"href":"https:\/\/blog.polityka.pl\/adamczewski\/wp-json\/wp\/v2\/posts"}],"about":[{"href":"https:\/\/blog.polityka.pl\/adamczewski\/wp-json\/wp\/v2\/types\/post"}],"author":[{"embeddable":true,"href":"https:\/\/blog.polityka.pl\/adamczewski\/wp-json\/wp\/v2\/users\/2"}],"replies":[{"embeddable":true,"href":"https:\/\/blog.polityka.pl\/adamczewski\/wp-json\/wp\/v2\/comments?post=10279"}],"version-history":[{"count":0,"href":"https:\/\/blog.polityka.pl\/adamczewski\/wp-json\/wp\/v2\/posts\/10279\/revisions"}],"wp:attachment":[{"href":"https:\/\/blog.polityka.pl\/adamczewski\/wp-json\/wp\/v2\/media?parent=10279"}],"wp:term":[{"taxonomy":"category","embeddable":true,"href":"https:\/\/blog.polityka.pl\/adamczewski\/wp-json\/wp\/v2\/categories?post=10279"},{"taxonomy":"post_tag","embeddable":true,"href":"https:\/\/blog.polityka.pl\/adamczewski\/wp-json\/wp\/v2\/tags?post=10279"}],"curies":[{"name":"wp","href":"https:\/\/api.w.org\/{rel}","templated":true}]}}