
{"id":10280,"date":"2009-06-22T06:30:42","date_gmt":"2009-06-22T05:30:42","guid":{"rendered":"http:\/\/adamczewscy.pl\/?p=2508"},"modified":"2009-06-22T06:30:42","modified_gmt":"2009-06-22T05:30:42","slug":"babka-na-zsiadlym-mleku","status":"publish","type":"post","link":"https:\/\/blog.polityka.pl\/adamczewski\/2009\/06\/22\/babka-na-zsiadlym-mleku\/","title":{"rendered":"Babka na zsiad\u0142ym mleku"},"content":{"rendered":"<p><em>7 \u0142y\u017cek mas\u0142a, 4 jaja, p\u00f3\u0142torej szklanki cukru, szklanka zsiad\u0142ego mleka, 3 szklanki maki, proszek do pieczenia (ma\u0142y), \u0142y\u017cka kakao. Do posypania po wierzchu ciasta &#8211; 2 \u0142y\u017cki cukru-pudru.\u00a0<\/em><\/p>\n<p>1. Mas\u0142o utrze\u0107 z cukrem i dodawanymi po jednym \u017c\u00f3\u0142tkami.<br \/>\n2. M\u0105k\u0119 wymiesza\u0107 z proszkiem do pieczenia.<br \/>\n3. Do utartego z \u017c\u00f3\u0142tkami mas\u0142a doda\u0107 dobrze wymieszane zsiad\u0142e mleko i m\u0105k\u0119. Wszystko razem chwil\u0119 uciera\u0107.<br \/>\n4. Do wysmarowanej mas\u0142em foremki (keks\u00f3wki) wyla\u0107 3\/4 ciasta, pozosta\u0142e wymiesza\u0107 z \u0142y\u017ck\u0105 kakao i wyla\u0107 na wierzch ciasta w foremce, powstanie w ten spos\u00f3b marmurkowy wz\u00f3r.<br \/>\n5. Piec w 180 st C 40-45 minut.<\/p>\n","protected":false},"excerpt":{"rendered":"<p>7 \u0142y\u017cek mas\u0142a, 4 jaja, p\u00f3\u0142torej szklanki cukru, szklanka zsiad\u0142ego mleka, 3 szklanki maki, proszek do pieczenia (ma\u0142y), \u0142y\u017cka kakao. Do posypania po wierzchu ciasta &#8211; 2 \u0142y\u017cki cukru-pudru.\u00a0 1. Mas\u0142o utrze\u0107 z cukrem i dodawanymi po jednym \u017c\u00f3\u0142tkami. 2. M\u0105k\u0119 wymiesza\u0107 z proszkiem do pieczenia. 3. Do utartego z \u017c\u00f3\u0142tkami mas\u0142a doda\u0107 dobrze wymieszane [&hellip;]<\/p>\n","protected":false},"author":2,"featured_media":0,"comment_status":"open","ping_status":"open","sticky":false,"template":"","format":"standard","meta":{"footnotes":""},"categories":[1],"tags":[],"_links":{"self":[{"href":"https:\/\/blog.polityka.pl\/adamczewski\/wp-json\/wp\/v2\/posts\/10280"}],"collection":[{"href":"https:\/\/blog.polityka.pl\/adamczewski\/wp-json\/wp\/v2\/posts"}],"about":[{"href":"https:\/\/blog.polityka.pl\/adamczewski\/wp-json\/wp\/v2\/types\/post"}],"author":[{"embeddable":true,"href":"https:\/\/blog.polityka.pl\/adamczewski\/wp-json\/wp\/v2\/users\/2"}],"replies":[{"embeddable":true,"href":"https:\/\/blog.polityka.pl\/adamczewski\/wp-json\/wp\/v2\/comments?post=10280"}],"version-history":[{"count":0,"href":"https:\/\/blog.polityka.pl\/adamczewski\/wp-json\/wp\/v2\/posts\/10280\/revisions"}],"wp:attachment":[{"href":"https:\/\/blog.polityka.pl\/adamczewski\/wp-json\/wp\/v2\/media?parent=10280"}],"wp:term":[{"taxonomy":"category","embeddable":true,"href":"https:\/\/blog.polityka.pl\/adamczewski\/wp-json\/wp\/v2\/categories?post=10280"},{"taxonomy":"post_tag","embeddable":true,"href":"https:\/\/blog.polityka.pl\/adamczewski\/wp-json\/wp\/v2\/tags?post=10280"}],"curies":[{"name":"wp","href":"https:\/\/api.w.org\/{rel}","templated":true}]}}