
{"id":10281,"date":"2009-06-28T18:21:58","date_gmt":"2009-06-28T17:21:58","guid":{"rendered":"http:\/\/adamczewscy.pl\/?p=2510"},"modified":"2009-06-28T18:21:58","modified_gmt":"2009-06-28T17:21:58","slug":"babka-ktora-zawsze-sie-udaje","status":"publish","type":"post","link":"https:\/\/blog.polityka.pl\/adamczewski\/2009\/06\/28\/babka-ktora-zawsze-sie-udaje\/","title":{"rendered":"Babka, kt\u00f3ra zawsze si\u0119 udaje"},"content":{"rendered":"<p><em>4 jaja, szklanka cukru, \u0142y\u017cka mas\u0142a, 3 szklanki m\u0105ki, proszek do pieczenia, cukier wanilinowy, szklanka kwa\u015bnej \u015bmietany. Do posypania 3 \u0142y\u017cki cukru-pudru<\/em><\/p>\n<p>1. Jajka, cukier,  mas\u0142o ubi\u0107 trzepaczk\u0105 do piany.<br \/>\n2. Do ubitych jaj dodawa\u0107 po trochu m\u0105k\u0119, cukier wanilinowy i \u015bmietan\u0119.<br \/>\n3. Wysmarowa\u0107 form\u0119 mas\u0142em, po czym przela\u0107 do niej ciasto.<br \/>\n4. Piec w temperaturze 180 st C oko\u0142o 40 minut.<br \/>\n5. Po upieczeniu posypa\u0107 ciasto cukrem pudrem.<\/p>\n","protected":false},"excerpt":{"rendered":"<p>4 jaja, szklanka cukru, \u0142y\u017cka mas\u0142a, 3 szklanki m\u0105ki, proszek do pieczenia, cukier wanilinowy, szklanka kwa\u015bnej \u015bmietany. Do posypania 3 \u0142y\u017cki cukru-pudru 1. Jajka, cukier, mas\u0142o ubi\u0107 trzepaczk\u0105 do piany. 2. Do ubitych jaj dodawa\u0107 po trochu m\u0105k\u0119, cukier wanilinowy i \u015bmietan\u0119. 3. Wysmarowa\u0107 form\u0119 mas\u0142em, po czym przela\u0107 do niej ciasto. 4. Piec w [&hellip;]<\/p>\n","protected":false},"author":2,"featured_media":0,"comment_status":"open","ping_status":"open","sticky":false,"template":"","format":"standard","meta":{"footnotes":""},"categories":[1],"tags":[],"_links":{"self":[{"href":"https:\/\/blog.polityka.pl\/adamczewski\/wp-json\/wp\/v2\/posts\/10281"}],"collection":[{"href":"https:\/\/blog.polityka.pl\/adamczewski\/wp-json\/wp\/v2\/posts"}],"about":[{"href":"https:\/\/blog.polityka.pl\/adamczewski\/wp-json\/wp\/v2\/types\/post"}],"author":[{"embeddable":true,"href":"https:\/\/blog.polityka.pl\/adamczewski\/wp-json\/wp\/v2\/users\/2"}],"replies":[{"embeddable":true,"href":"https:\/\/blog.polityka.pl\/adamczewski\/wp-json\/wp\/v2\/comments?post=10281"}],"version-history":[{"count":0,"href":"https:\/\/blog.polityka.pl\/adamczewski\/wp-json\/wp\/v2\/posts\/10281\/revisions"}],"wp:attachment":[{"href":"https:\/\/blog.polityka.pl\/adamczewski\/wp-json\/wp\/v2\/media?parent=10281"}],"wp:term":[{"taxonomy":"category","embeddable":true,"href":"https:\/\/blog.polityka.pl\/adamczewski\/wp-json\/wp\/v2\/categories?post=10281"},{"taxonomy":"post_tag","embeddable":true,"href":"https:\/\/blog.polityka.pl\/adamczewski\/wp-json\/wp\/v2\/tags?post=10281"}],"curies":[{"name":"wp","href":"https:\/\/api.w.org\/{rel}","templated":true}]}}