
{"id":10282,"date":"2009-06-28T18:24:29","date_gmt":"2009-06-28T17:24:29","guid":{"rendered":"http:\/\/adamczewscy.pl\/?p=2511"},"modified":"2009-06-28T18:24:29","modified_gmt":"2009-06-28T17:24:29","slug":"babka-ryzowo-serowa","status":"publish","type":"post","link":"https:\/\/blog.polityka.pl\/adamczewski\/2009\/06\/28\/babka-ryzowo-serowa\/","title":{"rendered":"Babka ry\u017cowo-serowa"},"content":{"rendered":"<p><em>Szklanka ry\u017cu, szklanka mleka, p\u00f3\u0142 szklanki wody, szczypta soli, 50 dag twarogu homogenizowanego, 4 jajka, szklanka cukru, 6 \u0142y\u017cek mas\u0142a, cukier wanilinowy. Do wysmarowania formy: \u0142y\u017cka mas\u0142a.\u00a0<\/em><\/p>\n<p>1. Ugotowa\u0107 ry\u017c w du\u017cej wodzie, odcedzi\u0107, po czym zala\u0107 mlekiem i jeszcze chwil\u0119 gotowa\u0107, do momentu kiedy mleko wsi\u0105knie w ry\u017c. Ostudzi\u0107.<br \/>\n2. W misce uciera\u0107 mas\u0142o z dodawanym po trochu ry\u017cem, serem i \u017c\u00f3\u0142tkami oraz cukrem.<br \/>\n3. Ubi\u0107 sztywn\u0105 pian\u0119, doda\u0107 wraz z cukrem wanilinowym do ry\u017cu, dok\u0142adnie wymiesza\u0107.<br \/>\n4. Wysmarowa\u0107 mas\u0142em wysok\u0105 form\u0119 do zapiekania, wy\u0142o\u017cy\u0107 do niej ry\u017c z serem.<br \/>\n5.  Piec oko\u0142o 35 minut.<br \/>\nPodawa\u0107 na zimno lub na gor\u0105co z dodatkiem soku owocowego.<\/p>\n","protected":false},"excerpt":{"rendered":"<p>Szklanka ry\u017cu, szklanka mleka, p\u00f3\u0142 szklanki wody, szczypta soli, 50 dag twarogu homogenizowanego, 4 jajka, szklanka cukru, 6 \u0142y\u017cek mas\u0142a, cukier wanilinowy. Do wysmarowania formy: \u0142y\u017cka mas\u0142a.\u00a0 1. Ugotowa\u0107 ry\u017c w du\u017cej wodzie, odcedzi\u0107, po czym zala\u0107 mlekiem i jeszcze chwil\u0119 gotowa\u0107, do momentu kiedy mleko wsi\u0105knie w ry\u017c. Ostudzi\u0107. 2. W misce uciera\u0107 mas\u0142o [&hellip;]<\/p>\n","protected":false},"author":2,"featured_media":0,"comment_status":"open","ping_status":"open","sticky":false,"template":"","format":"standard","meta":{"footnotes":""},"categories":[1],"tags":[],"_links":{"self":[{"href":"https:\/\/blog.polityka.pl\/adamczewski\/wp-json\/wp\/v2\/posts\/10282"}],"collection":[{"href":"https:\/\/blog.polityka.pl\/adamczewski\/wp-json\/wp\/v2\/posts"}],"about":[{"href":"https:\/\/blog.polityka.pl\/adamczewski\/wp-json\/wp\/v2\/types\/post"}],"author":[{"embeddable":true,"href":"https:\/\/blog.polityka.pl\/adamczewski\/wp-json\/wp\/v2\/users\/2"}],"replies":[{"embeddable":true,"href":"https:\/\/blog.polityka.pl\/adamczewski\/wp-json\/wp\/v2\/comments?post=10282"}],"version-history":[{"count":0,"href":"https:\/\/blog.polityka.pl\/adamczewski\/wp-json\/wp\/v2\/posts\/10282\/revisions"}],"wp:attachment":[{"href":"https:\/\/blog.polityka.pl\/adamczewski\/wp-json\/wp\/v2\/media?parent=10282"}],"wp:term":[{"taxonomy":"category","embeddable":true,"href":"https:\/\/blog.polityka.pl\/adamczewski\/wp-json\/wp\/v2\/categories?post=10282"},{"taxonomy":"post_tag","embeddable":true,"href":"https:\/\/blog.polityka.pl\/adamczewski\/wp-json\/wp\/v2\/tags?post=10282"}],"curies":[{"name":"wp","href":"https:\/\/api.w.org\/{rel}","templated":true}]}}