
{"id":10283,"date":"2009-06-28T18:25:15","date_gmt":"2009-06-28T17:25:15","guid":{"rendered":"http:\/\/adamczewscy.pl\/?p=2512"},"modified":"2009-06-28T18:25:15","modified_gmt":"2009-06-28T17:25:15","slug":"makowy-kruchy-placek","status":"publish","type":"post","link":"https:\/\/blog.polityka.pl\/adamczewski\/2009\/06\/28\/makowy-kruchy-placek\/","title":{"rendered":"Makowy kruchy placek"},"content":{"rendered":"<p><em>Na sp\u00f3d: 25 dag herbatnik\u00f3w lub jakichkolwiek kruchych ciastek, 6 \u0142y\u017cek mas\u0142a, 1\/3szklanki cukru pudru.<br \/>\nNa mas\u0119: puszka gotowej masy makowej, 3 bia\u0142ka, 3 \u0142y\u017cki rodzynek, \u0142y\u017cka miodu gryczanego, szklanka grubo siekanych orzech\u00f3w w\u0142oskich.<br \/>\nDo posypania 2 \u0142y\u017cki cukru-pudru.\u00a0<\/em><\/p>\n<p>1. Ciastka lub herbatniki w\u0142o\u017cy\u0107 do foliowej torebki i wa\u0142kiem rozkruszy\u0107 je.<br \/>\n2. Mas\u0142o roztopi\u0107, doda\u0107 do pokruszonych herbatnik\u00f3w wraz z cukrem i wyrobi\u0107 ciasto. Wy\u0142o\u017cy\u0107 ciastem tortownic\u0119 wielko\u015bci ok. 28 cm.<br \/>\n2. Przygotowa\u0107 mas\u0119: ubi\u0107 sztywn\u0105 pian\u0119, doda\u0107 do maku wraz z orzechami i rodzynkami oraz miodem. Wymiesza\u0107.<br \/>\n3. Na spodzie roz\u0142o\u017cy\u0107 mas\u0119 makow\u0105, piec 30 minut w temperaturze 180 st C.<br \/>\n4. Po upieczeniu posypa\u0107 cukrem-pudrem.<\/p>\n","protected":false},"excerpt":{"rendered":"<p>Na sp\u00f3d: 25 dag herbatnik\u00f3w lub jakichkolwiek kruchych ciastek, 6 \u0142y\u017cek mas\u0142a, 1\/3szklanki cukru pudru. Na mas\u0119: puszka gotowej masy makowej, 3 bia\u0142ka, 3 \u0142y\u017cki rodzynek, \u0142y\u017cka miodu gryczanego, szklanka grubo siekanych orzech\u00f3w w\u0142oskich. Do posypania 2 \u0142y\u017cki cukru-pudru.\u00a0 1. Ciastka lub herbatniki w\u0142o\u017cy\u0107 do foliowej torebki i wa\u0142kiem rozkruszy\u0107 je. 2. Mas\u0142o roztopi\u0107, doda\u0107 [&hellip;]<\/p>\n","protected":false},"author":2,"featured_media":0,"comment_status":"open","ping_status":"open","sticky":false,"template":"","format":"standard","meta":{"footnotes":""},"categories":[1],"tags":[],"_links":{"self":[{"href":"https:\/\/blog.polityka.pl\/adamczewski\/wp-json\/wp\/v2\/posts\/10283"}],"collection":[{"href":"https:\/\/blog.polityka.pl\/adamczewski\/wp-json\/wp\/v2\/posts"}],"about":[{"href":"https:\/\/blog.polityka.pl\/adamczewski\/wp-json\/wp\/v2\/types\/post"}],"author":[{"embeddable":true,"href":"https:\/\/blog.polityka.pl\/adamczewski\/wp-json\/wp\/v2\/users\/2"}],"replies":[{"embeddable":true,"href":"https:\/\/blog.polityka.pl\/adamczewski\/wp-json\/wp\/v2\/comments?post=10283"}],"version-history":[{"count":0,"href":"https:\/\/blog.polityka.pl\/adamczewski\/wp-json\/wp\/v2\/posts\/10283\/revisions"}],"wp:attachment":[{"href":"https:\/\/blog.polityka.pl\/adamczewski\/wp-json\/wp\/v2\/media?parent=10283"}],"wp:term":[{"taxonomy":"category","embeddable":true,"href":"https:\/\/blog.polityka.pl\/adamczewski\/wp-json\/wp\/v2\/categories?post=10283"},{"taxonomy":"post_tag","embeddable":true,"href":"https:\/\/blog.polityka.pl\/adamczewski\/wp-json\/wp\/v2\/tags?post=10283"}],"curies":[{"name":"wp","href":"https:\/\/api.w.org\/{rel}","templated":true}]}}