
{"id":10284,"date":"2009-06-28T18:26:06","date_gmt":"2009-06-28T17:26:06","guid":{"rendered":"http:\/\/adamczewscy.pl\/?p=2513"},"modified":"2009-06-28T18:26:06","modified_gmt":"2009-06-28T17:26:06","slug":"wafelki-z-kremem-z-chalwy","status":"publish","type":"post","link":"https:\/\/blog.polityka.pl\/adamczewski\/2009\/06\/28\/wafelki-z-kremem-z-chalwy\/","title":{"rendered":"Wafelki z kremem z cha\u0142wy"},"content":{"rendered":"<p><em>50 dag cha\u0142wy waniliowej, kostka (25 dag) mas\u0142a, 2 \u0142y\u017cki ciemnego kakao, 1 &#8211; 2 \u0142y\u017cki jak najdrobniej posiekanej sk\u00f3rki pomara\u0144czowej. Paczka suchych wafli.<\/em><\/p>\n<p>1. Cha\u0142w\u0119 pokruszy\u0107 widelcem mo\u017cliwie drobno.<br \/>\n2. Mas\u0142o uciera\u0107 w malakserze lub r\u0119cznie dodaj\u0105c po trochu pokruszon\u0105 cha\u0142w\u0119 i kakao oraz siekan\u0105 sk\u00f3rk\u0119 pomara\u0144czow\u0105.<br \/>\n3. Wafle prze\u0142o\u017cy\u0107 kremem smaruj\u0105c po kolei ka\u017cd\u0105 warstw\u0119.<br \/>\n4. Wafle obci\u0105\u017cy\u0107 na 2 &#8211; 3 godziny uk\u0142adaj\u0105c na nich deseczk\u0119 a na niej jakikolwiek ci\u0119\u017car.<br \/>\n5. Pokroi\u0107 wafle na kwadratowe ciastka.<\/p>\n","protected":false},"excerpt":{"rendered":"<p>50 dag cha\u0142wy waniliowej, kostka (25 dag) mas\u0142a, 2 \u0142y\u017cki ciemnego kakao, 1 &#8211; 2 \u0142y\u017cki jak najdrobniej posiekanej sk\u00f3rki pomara\u0144czowej. Paczka suchych wafli. 1. Cha\u0142w\u0119 pokruszy\u0107 widelcem mo\u017cliwie drobno. 2. Mas\u0142o uciera\u0107 w malakserze lub r\u0119cznie dodaj\u0105c po trochu pokruszon\u0105 cha\u0142w\u0119 i kakao oraz siekan\u0105 sk\u00f3rk\u0119 pomara\u0144czow\u0105. 3. Wafle prze\u0142o\u017cy\u0107 kremem smaruj\u0105c po kolei [&hellip;]<\/p>\n","protected":false},"author":2,"featured_media":0,"comment_status":"open","ping_status":"open","sticky":false,"template":"","format":"standard","meta":{"footnotes":""},"categories":[1],"tags":[],"_links":{"self":[{"href":"https:\/\/blog.polityka.pl\/adamczewski\/wp-json\/wp\/v2\/posts\/10284"}],"collection":[{"href":"https:\/\/blog.polityka.pl\/adamczewski\/wp-json\/wp\/v2\/posts"}],"about":[{"href":"https:\/\/blog.polityka.pl\/adamczewski\/wp-json\/wp\/v2\/types\/post"}],"author":[{"embeddable":true,"href":"https:\/\/blog.polityka.pl\/adamczewski\/wp-json\/wp\/v2\/users\/2"}],"replies":[{"embeddable":true,"href":"https:\/\/blog.polityka.pl\/adamczewski\/wp-json\/wp\/v2\/comments?post=10284"}],"version-history":[{"count":0,"href":"https:\/\/blog.polityka.pl\/adamczewski\/wp-json\/wp\/v2\/posts\/10284\/revisions"}],"wp:attachment":[{"href":"https:\/\/blog.polityka.pl\/adamczewski\/wp-json\/wp\/v2\/media?parent=10284"}],"wp:term":[{"taxonomy":"category","embeddable":true,"href":"https:\/\/blog.polityka.pl\/adamczewski\/wp-json\/wp\/v2\/categories?post=10284"},{"taxonomy":"post_tag","embeddable":true,"href":"https:\/\/blog.polityka.pl\/adamczewski\/wp-json\/wp\/v2\/tags?post=10284"}],"curies":[{"name":"wp","href":"https:\/\/api.w.org\/{rel}","templated":true}]}}