
{"id":10285,"date":"2009-07-06T06:27:20","date_gmt":"2009-07-06T05:27:20","guid":{"rendered":"http:\/\/adamczewscy.pl\/?p=2515"},"modified":"2009-07-06T06:27:20","modified_gmt":"2009-07-06T05:27:20","slug":"biale-ciasteczka","status":"publish","type":"post","link":"https:\/\/blog.polityka.pl\/adamczewski\/2009\/07\/06\/biale-ciasteczka\/","title":{"rendered":"Bia\u0142e ciasteczka"},"content":{"rendered":"<p><em>P\u00f3\u0142torej szklanki m\u0105ki, 7 \u0142y\u017cek mas\u0142a (15 dag) , 2 i p\u00f3\u0142 tabliczki deserowej czekolady, p\u00f3\u0142torej szklanki cukru, 25 dag obranych ze sk\u00f3rki i zmielonych migda\u0142\u00f3w. Na polew\u0119: 4 \u017c\u00f3\u0142tka, 12 \u0142y\u017cek cukru pudru. Do posmarowania blaszki: \u0142y\u017ceczka mas\u0142a.\u00a0<\/em><\/p>\n<p>1. Zetrze\u0107 na tarce lub w malakserze na jarzynowej tarce czekolad\u0119.<br \/>\n2. Ubi\u0107 mikserem ca\u0142e jajka, p\u00f3\u0142torej szklanki cukru i mas\u0142o, doda\u0107 m\u0105k\u0119, czekolad\u0119 i migda\u0142y i wyrobi\u0107 ciasto. Uformowa\u0107  je w wa\u0142ek o przekroju 4 cm, zawin\u0105\u0107 w foli\u0119 spo\u017cywcz\u0105 i ozi\u0119bi\u0107 w lod\u00f3wce.<br \/>\n3. Wyj\u0119te z lod\u00f3wki ciasto pokroi\u0107 na kr\u0105\u017cki grubo\u015bci 1 cm, u\u0142o\u017cy\u0107 na lekko posmarowanej mas\u0142em blaszce i upiec na z\u0142oto. Ostudzi\u0107.<br \/>\n4. \u017b\u00f3\u0142tka utrze\u0107 do bia\u0142o\u015bci z cukrem pudrem, posmarowa\u0107 mas\u0105 ciasteczka. odstawi\u0107 do przesuszenia masy.<\/p>\n","protected":false},"excerpt":{"rendered":"<p>P\u00f3\u0142torej szklanki m\u0105ki, 7 \u0142y\u017cek mas\u0142a (15 dag) , 2 i p\u00f3\u0142 tabliczki deserowej czekolady, p\u00f3\u0142torej szklanki cukru, 25 dag obranych ze sk\u00f3rki i zmielonych migda\u0142\u00f3w. Na polew\u0119: 4 \u017c\u00f3\u0142tka, 12 \u0142y\u017cek cukru pudru. Do posmarowania blaszki: \u0142y\u017ceczka mas\u0142a.\u00a0 1. Zetrze\u0107 na tarce lub w malakserze na jarzynowej tarce czekolad\u0119. 2. Ubi\u0107 mikserem ca\u0142e jajka, [&hellip;]<\/p>\n","protected":false},"author":2,"featured_media":0,"comment_status":"open","ping_status":"open","sticky":false,"template":"","format":"standard","meta":{"footnotes":""},"categories":[1],"tags":[],"_links":{"self":[{"href":"https:\/\/blog.polityka.pl\/adamczewski\/wp-json\/wp\/v2\/posts\/10285"}],"collection":[{"href":"https:\/\/blog.polityka.pl\/adamczewski\/wp-json\/wp\/v2\/posts"}],"about":[{"href":"https:\/\/blog.polityka.pl\/adamczewski\/wp-json\/wp\/v2\/types\/post"}],"author":[{"embeddable":true,"href":"https:\/\/blog.polityka.pl\/adamczewski\/wp-json\/wp\/v2\/users\/2"}],"replies":[{"embeddable":true,"href":"https:\/\/blog.polityka.pl\/adamczewski\/wp-json\/wp\/v2\/comments?post=10285"}],"version-history":[{"count":0,"href":"https:\/\/blog.polityka.pl\/adamczewski\/wp-json\/wp\/v2\/posts\/10285\/revisions"}],"wp:attachment":[{"href":"https:\/\/blog.polityka.pl\/adamczewski\/wp-json\/wp\/v2\/media?parent=10285"}],"wp:term":[{"taxonomy":"category","embeddable":true,"href":"https:\/\/blog.polityka.pl\/adamczewski\/wp-json\/wp\/v2\/categories?post=10285"},{"taxonomy":"post_tag","embeddable":true,"href":"https:\/\/blog.polityka.pl\/adamczewski\/wp-json\/wp\/v2\/tags?post=10285"}],"curies":[{"name":"wp","href":"https:\/\/api.w.org\/{rel}","templated":true}]}}