
{"id":10286,"date":"2009-07-06T06:30:04","date_gmt":"2009-07-06T05:30:04","guid":{"rendered":"http:\/\/adamczewscy.pl\/?p=2516"},"modified":"2009-07-06T06:30:04","modified_gmt":"2009-07-06T05:30:04","slug":"lody-twarozkowe","status":"publish","type":"post","link":"https:\/\/blog.polityka.pl\/adamczewski\/2009\/07\/06\/lody-twarozkowe\/","title":{"rendered":"Lody twaro\u017ckowe"},"content":{"rendered":"<p><em>40 dag twaro\u017cku homogenizowanego, 3 \u017c\u00f3\u0142tka, 3 \u0142y\u017cki cukru &#8211; pudru, cukier waniliowy, 0, 75 szklanki mleka, p\u00f3\u0142 tabliczki czekolady i 2 \u0142y\u017cki mleka. <\/em><\/p>\n<p>1. Utrze\u0107 \u017c\u00f3\u0142tka do bia\u0142o\u015bci z cukrem pudrem.<br \/>\n2. Zagotowa\u0107 mleko z cukrem waniliowym, wla\u0107 do \u017c\u00f3\u0142tek i wymiesza\u0107, po czym przela\u0107 z powrotem do rondelka, w kt\u00f3rym zagotowa\u0142o si\u0119 mleko i podgrzewa\u0107, a\u017c masa zg\u0119stnieje. Nie zagotowa\u0107! Ostudzi\u0107.<br \/>\n3. Twaro\u017cek utrze\u0107 z dodawanym po trochu mleczkiem. Na koniec wymiesza\u0107 z rozpuszczon\u0105 w mleku i nast\u0119pnie ostudzon\u0105 czekolad\u0105.<br \/>\n4. Prze\u0142o\u017cy\u0107 do naczynia z pokrywk\u0105 i wstawi\u0107 do zamra\u017calnika. Od czasu do czasu zamiesza\u0107. <\/p>\n<p>Do lod\u00f3w tych mo\u017cna doda\u0107 posiekane orzechy lub rodzynki. <\/p>\n","protected":false},"excerpt":{"rendered":"<p>40 dag twaro\u017cku homogenizowanego, 3 \u017c\u00f3\u0142tka, 3 \u0142y\u017cki cukru &#8211; pudru, cukier waniliowy, 0, 75 szklanki mleka, p\u00f3\u0142 tabliczki czekolady i 2 \u0142y\u017cki mleka. 1. Utrze\u0107 \u017c\u00f3\u0142tka do bia\u0142o\u015bci z cukrem pudrem. 2. Zagotowa\u0107 mleko z cukrem waniliowym, wla\u0107 do \u017c\u00f3\u0142tek i wymiesza\u0107, po czym przela\u0107 z powrotem do rondelka, w kt\u00f3rym zagotowa\u0142o si\u0119 mleko [&hellip;]<\/p>\n","protected":false},"author":2,"featured_media":0,"comment_status":"open","ping_status":"open","sticky":false,"template":"","format":"standard","meta":{"footnotes":""},"categories":[1],"tags":[],"_links":{"self":[{"href":"https:\/\/blog.polityka.pl\/adamczewski\/wp-json\/wp\/v2\/posts\/10286"}],"collection":[{"href":"https:\/\/blog.polityka.pl\/adamczewski\/wp-json\/wp\/v2\/posts"}],"about":[{"href":"https:\/\/blog.polityka.pl\/adamczewski\/wp-json\/wp\/v2\/types\/post"}],"author":[{"embeddable":true,"href":"https:\/\/blog.polityka.pl\/adamczewski\/wp-json\/wp\/v2\/users\/2"}],"replies":[{"embeddable":true,"href":"https:\/\/blog.polityka.pl\/adamczewski\/wp-json\/wp\/v2\/comments?post=10286"}],"version-history":[{"count":0,"href":"https:\/\/blog.polityka.pl\/adamczewski\/wp-json\/wp\/v2\/posts\/10286\/revisions"}],"wp:attachment":[{"href":"https:\/\/blog.polityka.pl\/adamczewski\/wp-json\/wp\/v2\/media?parent=10286"}],"wp:term":[{"taxonomy":"category","embeddable":true,"href":"https:\/\/blog.polityka.pl\/adamczewski\/wp-json\/wp\/v2\/categories?post=10286"},{"taxonomy":"post_tag","embeddable":true,"href":"https:\/\/blog.polityka.pl\/adamczewski\/wp-json\/wp\/v2\/tags?post=10286"}],"curies":[{"name":"wp","href":"https:\/\/api.w.org\/{rel}","templated":true}]}}