
{"id":10287,"date":"2009-07-06T06:31:05","date_gmt":"2009-07-06T05:31:05","guid":{"rendered":"http:\/\/adamczewscy.pl\/?p=2517"},"modified":"2009-07-06T06:31:05","modified_gmt":"2009-07-06T05:31:05","slug":"krajanka-z-dzemem-i-pianka","status":"publish","type":"post","link":"https:\/\/blog.polityka.pl\/adamczewski\/2009\/07\/06\/krajanka-z-dzemem-i-pianka\/","title":{"rendered":"Krajanka z d\u017cemem i piank\u0105"},"content":{"rendered":"<p><em>Na kruche ciasto: 3 szklanki m\u0105ki, kostka (25 dag) mas\u0142a, p\u00f3\u0142torej szklanki cukru, 7 \u017c\u00f3\u0142tek, sk\u00f3rka z po\u0142owy cytryny.<br \/>\nDo u\u0142o\u017cenia na wierzchu ciasta: oko\u0142o szklanki dowolnego d\u017cemu (najlepiej lekko kwaskowego), 3 bia\u0142ka, szklanka cukru pudru, szklanka zmielonych orzech\u00f3w lub migda\u0142\u00f3w.\u00a0<\/em><\/p>\n<p>1. Z podanych sk\u0142adnik\u00f3w wykona\u0107 kruche ciasto: najpierw przesieka\u0107 sk\u0142adniki no\u017cem a nast\u0119pnie szybko zagnie\u015b\u0107 r\u0119k\u0105. W\u0142o\u017cy\u0107 w plastikowym woreczku do lod\u00f3wki na godzin\u0119.<br \/>\n2. Wyj\u0119te z lod\u00f3wki ciasto roz\u0142o\u017cy\u0107 cienk\u0105 warstw\u0105 na blaszce (co najmniej wielko\u015bci 30&#215;35 cm).<br \/>\n3. Wierzch ciasta posmarowa\u0107 d\u017cemem.<br \/>\n4. Ubi\u0107 pian\u0119 z bia\u0142ek, pod koniec dodawa\u0107 cukier puder i posiekane migda\u0142y lub orzechy. Pian\u0105 nakry\u0107 d\u017cem, wyr\u00f3wna\u0107 piane no\u017cem.<br \/>\n5. Piekarnik nagrza\u0107 do temperatury 180 st C i wstawi\u0107 ciasto. Piec oko\u0142o 15 minut.<br \/>\nUpieczone ciasto pokroi\u0107 w kwadraty.<\/p>\n","protected":false},"excerpt":{"rendered":"<p>Na kruche ciasto: 3 szklanki m\u0105ki, kostka (25 dag) mas\u0142a, p\u00f3\u0142torej szklanki cukru, 7 \u017c\u00f3\u0142tek, sk\u00f3rka z po\u0142owy cytryny. Do u\u0142o\u017cenia na wierzchu ciasta: oko\u0142o szklanki dowolnego d\u017cemu (najlepiej lekko kwaskowego), 3 bia\u0142ka, szklanka cukru pudru, szklanka zmielonych orzech\u00f3w lub migda\u0142\u00f3w.\u00a0 1. Z podanych sk\u0142adnik\u00f3w wykona\u0107 kruche ciasto: najpierw przesieka\u0107 sk\u0142adniki no\u017cem a nast\u0119pnie szybko [&hellip;]<\/p>\n","protected":false},"author":2,"featured_media":0,"comment_status":"open","ping_status":"open","sticky":false,"template":"","format":"standard","meta":{"footnotes":""},"categories":[1],"tags":[],"_links":{"self":[{"href":"https:\/\/blog.polityka.pl\/adamczewski\/wp-json\/wp\/v2\/posts\/10287"}],"collection":[{"href":"https:\/\/blog.polityka.pl\/adamczewski\/wp-json\/wp\/v2\/posts"}],"about":[{"href":"https:\/\/blog.polityka.pl\/adamczewski\/wp-json\/wp\/v2\/types\/post"}],"author":[{"embeddable":true,"href":"https:\/\/blog.polityka.pl\/adamczewski\/wp-json\/wp\/v2\/users\/2"}],"replies":[{"embeddable":true,"href":"https:\/\/blog.polityka.pl\/adamczewski\/wp-json\/wp\/v2\/comments?post=10287"}],"version-history":[{"count":0,"href":"https:\/\/blog.polityka.pl\/adamczewski\/wp-json\/wp\/v2\/posts\/10287\/revisions"}],"wp:attachment":[{"href":"https:\/\/blog.polityka.pl\/adamczewski\/wp-json\/wp\/v2\/media?parent=10287"}],"wp:term":[{"taxonomy":"category","embeddable":true,"href":"https:\/\/blog.polityka.pl\/adamczewski\/wp-json\/wp\/v2\/categories?post=10287"},{"taxonomy":"post_tag","embeddable":true,"href":"https:\/\/blog.polityka.pl\/adamczewski\/wp-json\/wp\/v2\/tags?post=10287"}],"curies":[{"name":"wp","href":"https:\/\/api.w.org\/{rel}","templated":true}]}}