
{"id":10288,"date":"2009-07-06T06:32:33","date_gmt":"2009-07-06T05:32:33","guid":{"rendered":"http:\/\/adamczewscy.pl\/?p=2518"},"modified":"2009-07-06T06:32:33","modified_gmt":"2009-07-06T05:32:33","slug":"krem-owocowy-ze-zsiadlego-mleka","status":"publish","type":"post","link":"https:\/\/blog.polityka.pl\/adamczewski\/2009\/07\/06\/krem-owocowy-ze-zsiadlego-mleka\/","title":{"rendered":"Krem owocowy ze zsiad\u0142ego mleka"},"content":{"rendered":"<p><em>2 szklanki zsiad\u0142ego mleka, szklanka \u015bmietanki 30-proc., 4 \u0142y\u017cki cukru, cukier waniliowy, 3 \u0142y\u017cki \u017celatyny instant, 2 szklanki jag\u00f3d, malin lub poziomek.\u00a0<\/em><\/p>\n<p>1. Owoce przebra\u0107, umy\u0107 i bardzo dok\u0142adnie osuszy\u0107, najlepiej na kuchennym papierowym r\u0119czniku.<br \/>\n2. \u017belatyn\u0119 rozpu\u015bci\u0107 w jak najmniejszej ilo\u015bci gor\u0105cej wody, po czym ozi\u0119bi\u0107.<br \/>\n3. Ozi\u0119bione zsiad\u0142e mleko oraz \u015bmietank\u0119 wla\u0107 do naczynia i ubi\u0107 mikserem r\u0119cznym na piank\u0119 dodaj\u0105c pod koniec cukier i \u017celatyn\u0119.<br \/>\n4. Do pianki doda\u0107 owoce, lekko wymiesza\u0107.<br \/>\n5. Krem wy\u0142o\u017cy\u0107 do miseczek lub szklanek i ozi\u0119bi\u0107, najlepiej kilka godzin w lod\u00f3wce.<\/p>\n","protected":false},"excerpt":{"rendered":"<p>2 szklanki zsiad\u0142ego mleka, szklanka \u015bmietanki 30-proc., 4 \u0142y\u017cki cukru, cukier waniliowy, 3 \u0142y\u017cki \u017celatyny instant, 2 szklanki jag\u00f3d, malin lub poziomek.\u00a0 1. Owoce przebra\u0107, umy\u0107 i bardzo dok\u0142adnie osuszy\u0107, najlepiej na kuchennym papierowym r\u0119czniku. 2. \u017belatyn\u0119 rozpu\u015bci\u0107 w jak najmniejszej ilo\u015bci gor\u0105cej wody, po czym ozi\u0119bi\u0107. 3. Ozi\u0119bione zsiad\u0142e mleko oraz \u015bmietank\u0119 wla\u0107 do [&hellip;]<\/p>\n","protected":false},"author":2,"featured_media":0,"comment_status":"open","ping_status":"open","sticky":false,"template":"","format":"standard","meta":{"footnotes":""},"categories":[1],"tags":[],"_links":{"self":[{"href":"https:\/\/blog.polityka.pl\/adamczewski\/wp-json\/wp\/v2\/posts\/10288"}],"collection":[{"href":"https:\/\/blog.polityka.pl\/adamczewski\/wp-json\/wp\/v2\/posts"}],"about":[{"href":"https:\/\/blog.polityka.pl\/adamczewski\/wp-json\/wp\/v2\/types\/post"}],"author":[{"embeddable":true,"href":"https:\/\/blog.polityka.pl\/adamczewski\/wp-json\/wp\/v2\/users\/2"}],"replies":[{"embeddable":true,"href":"https:\/\/blog.polityka.pl\/adamczewski\/wp-json\/wp\/v2\/comments?post=10288"}],"version-history":[{"count":0,"href":"https:\/\/blog.polityka.pl\/adamczewski\/wp-json\/wp\/v2\/posts\/10288\/revisions"}],"wp:attachment":[{"href":"https:\/\/blog.polityka.pl\/adamczewski\/wp-json\/wp\/v2\/media?parent=10288"}],"wp:term":[{"taxonomy":"category","embeddable":true,"href":"https:\/\/blog.polityka.pl\/adamczewski\/wp-json\/wp\/v2\/categories?post=10288"},{"taxonomy":"post_tag","embeddable":true,"href":"https:\/\/blog.polityka.pl\/adamczewski\/wp-json\/wp\/v2\/tags?post=10288"}],"curies":[{"name":"wp","href":"https:\/\/api.w.org\/{rel}","templated":true}]}}