
{"id":10289,"date":"2009-07-06T06:33:22","date_gmt":"2009-07-06T05:33:22","guid":{"rendered":"http:\/\/adamczewscy.pl\/?p=2519"},"modified":"2009-07-06T06:33:22","modified_gmt":"2009-07-06T05:33:22","slug":"szybki-placek-z-agrestem","status":"publish","type":"post","link":"https:\/\/blog.polityka.pl\/adamczewski\/2009\/07\/06\/szybki-placek-z-agrestem\/","title":{"rendered":"Szybki placek z agrestem"},"content":{"rendered":"<p><em>3 pe\u0142ne \u0142y\u017cki m\u0105ki, 3 \u0142y\u017cki cukru, p\u00f3\u0142 kostki mas\u0142a (12,5 dag), 3 jaja, 0,3 szklanki mleka, p\u0142aska \u0142y\u017ceczka proszku do pieczenia, 2 szklanki oczyszczonego z szypu\u0142ek agrestu,<br \/>\nDo wysmarowania blaszki: \u0142y\u017ceczka mas\u0142a i do jej posypania \u0142y\u017cka tartej bu\u0142ki.<br \/>\nDo posypania ciasta: \u0142y\u017cka cukru pudru oraz ew. cukier waniliowy<\/em><\/p>\n<p>1. Rozpuszczone mas\u0142o  wraz cukrem, jajami i m\u0105k\u0105 miksowa\u0107 4 minuty. Doda\u0107 mleko i proszek do pieczenia i jeszcze chwil\u0119 miksowa\u0107.<br \/>\n2. Roz\u0142o\u017cy\u0107 ciasto w wysmarowanej lekko mas\u0142em du\u017cej tortownicy, na wierzchu pouk\u0142ada\u0107 agrest.<br \/>\n3. Piec do zrumienienia si\u0119 w temperaturze oko\u0142o 170-180 st C.<\/p>\n","protected":false},"excerpt":{"rendered":"<p>3 pe\u0142ne \u0142y\u017cki m\u0105ki, 3 \u0142y\u017cki cukru, p\u00f3\u0142 kostki mas\u0142a (12,5 dag), 3 jaja, 0,3 szklanki mleka, p\u0142aska \u0142y\u017ceczka proszku do pieczenia, 2 szklanki oczyszczonego z szypu\u0142ek agrestu, Do wysmarowania blaszki: \u0142y\u017ceczka mas\u0142a i do jej posypania \u0142y\u017cka tartej bu\u0142ki. Do posypania ciasta: \u0142y\u017cka cukru pudru oraz ew. cukier waniliowy 1. Rozpuszczone mas\u0142o wraz cukrem, [&hellip;]<\/p>\n","protected":false},"author":2,"featured_media":0,"comment_status":"open","ping_status":"open","sticky":false,"template":"","format":"standard","meta":{"footnotes":""},"categories":[1],"tags":[],"_links":{"self":[{"href":"https:\/\/blog.polityka.pl\/adamczewski\/wp-json\/wp\/v2\/posts\/10289"}],"collection":[{"href":"https:\/\/blog.polityka.pl\/adamczewski\/wp-json\/wp\/v2\/posts"}],"about":[{"href":"https:\/\/blog.polityka.pl\/adamczewski\/wp-json\/wp\/v2\/types\/post"}],"author":[{"embeddable":true,"href":"https:\/\/blog.polityka.pl\/adamczewski\/wp-json\/wp\/v2\/users\/2"}],"replies":[{"embeddable":true,"href":"https:\/\/blog.polityka.pl\/adamczewski\/wp-json\/wp\/v2\/comments?post=10289"}],"version-history":[{"count":0,"href":"https:\/\/blog.polityka.pl\/adamczewski\/wp-json\/wp\/v2\/posts\/10289\/revisions"}],"wp:attachment":[{"href":"https:\/\/blog.polityka.pl\/adamczewski\/wp-json\/wp\/v2\/media?parent=10289"}],"wp:term":[{"taxonomy":"category","embeddable":true,"href":"https:\/\/blog.polityka.pl\/adamczewski\/wp-json\/wp\/v2\/categories?post=10289"},{"taxonomy":"post_tag","embeddable":true,"href":"https:\/\/blog.polityka.pl\/adamczewski\/wp-json\/wp\/v2\/tags?post=10289"}],"curies":[{"name":"wp","href":"https:\/\/api.w.org\/{rel}","templated":true}]}}