
{"id":1029,"date":"2009-07-27T08:00:53","date_gmt":"2009-07-27T06:00:53","guid":{"rendered":"http:\/\/adamczewski.blog.polityka.pl\/?p=1029"},"modified":"2009-07-27T17:46:48","modified_gmt":"2009-07-27T15:46:48","slug":"powroceni-lecz-nie-nawroceni","status":"publish","type":"post","link":"https:\/\/blog.polityka.pl\/adamczewski\/2009\/07\/27\/powroceni-lecz-nie-nawroceni\/","title":{"rendered":"Powr\u00f3ceni lecz nie nawr\u00f3ceni"},"content":{"rendered":"<p>Je\u015bli nawet jeszcze nas nie ma to w\u0142a\u015bnie doje\u017cd\u017camy. A w ka\u017cdym razie taki by\u0142 plan. I ju\u017c jutro pewnie zaczn\u0105 si\u0119 tasiemcowe sprawozdania z wakacji.<br \/>\nDzi\u015b natomiast zamiast jakiej\u015b \u015bci\u0105gawki czy podkradzionego tekstu b\u0119d\u0105 zdj\u0119cia by\u015bcie mogli sobie przypomnie\u0107 jak wygl\u0105damy.<br \/>\nOczywi\u015bcie, \u017ce wszystkie zdj\u0119cia s\u0105 z Italii. Oto one:<\/p>\n<p>\u00a0<img loading=\"lazy\" decoding=\"async\" class=\"aligncenter size-full wp-image-1030\" title=\"basia-na-balkonie-w-talamone-p9110419\" src=\"\/wp-content\/uploads\/2009\/07\/basia-na-balkonie-w-talamone-p9110419.jpg\" alt=\"\" width=\"500\" height=\"375\" srcset=\"\/adamczewski\/wp-content\/uploads\/2009\/07\/basia-na-balkonie-w-talamone-p9110419.jpg 640w, \/adamczewski\/wp-content\/uploads\/2009\/07\/basia-na-balkonie-w-talamone-p9110419-300x225.jpg 300w\" sizes=\"(max-width: 500px) 100vw, 500px\" \/><\/p>\n<p><em>Pod drzewem figowym<\/em><\/p>\n<p><img loading=\"lazy\" decoding=\"async\" class=\"aligncenter size-full wp-image-1031\" title=\"basia-na-starym-placu-w-ferrarze-p9100415\" src=\"\/wp-content\/uploads\/2009\/07\/basia-na-starym-placu-w-ferrarze-p9100415.jpg\" alt=\"\" width=\"500\" height=\"375\" srcset=\"\/adamczewski\/wp-content\/uploads\/2009\/07\/basia-na-starym-placu-w-ferrarze-p9100415.jpg 640w, \/adamczewski\/wp-content\/uploads\/2009\/07\/basia-na-starym-placu-w-ferrarze-p9100415-300x225.jpg 300w\" sizes=\"(max-width: 500px) 100vw, 500px\" \/><\/p>\n<p><em>W Ferrarze<\/em><\/p>\n<p><img loading=\"lazy\" decoding=\"async\" class=\"aligncenter size-full wp-image-1032\" title=\"pod-le-logge-w-sieniep9160426\" src=\"\/wp-content\/uploads\/2009\/07\/pod-le-logge-w-sieniep9160426.jpg\" alt=\"\" width=\"360\" height=\"480\" srcset=\"\/adamczewski\/wp-content\/uploads\/2009\/07\/pod-le-logge-w-sieniep9160426.jpg 360w, \/adamczewski\/wp-content\/uploads\/2009\/07\/pod-le-logge-w-sieniep9160426-225x300.jpg 225w\" sizes=\"(max-width: 360px) 100vw, 360px\" \/><\/p>\n<p><em>Pod ulubion\u0105 knajpka w Sienie<\/em><\/p>\n<p>A tytu\u0142 ma takie uzasadnienie: wr\u00f3cili\u015bmy na ojczyzny \u0142ono ale nie wywietrza\u0142o nam uczucie do W\u0142och ich krajobrazu, zabytk\u00f3w i kuchni.<\/p>\n<p>\u00a0<img loading=\"lazy\" decoding=\"async\" class=\"aligncenter size-full wp-image-1033\" title=\"piotr-w-porcie-talamonep9120421\" src=\"\/wp-content\/uploads\/2009\/07\/piotr-w-porcie-talamonep9120421.jpg\" alt=\"\" width=\"360\" height=\"480\" srcset=\"\/adamczewski\/wp-content\/uploads\/2009\/07\/piotr-w-porcie-talamonep9120421.jpg 360w, \/adamczewski\/wp-content\/uploads\/2009\/07\/piotr-w-porcie-talamonep9120421-225x300.jpg 225w\" sizes=\"(max-width: 360px) 100vw, 360px\" \/><\/p>\n","protected":false},"excerpt":{"rendered":"<p>Je\u015bli nawet jeszcze nas nie ma to w\u0142a\u015bnie doje\u017cd\u017camy. A w ka\u017cdym razie taki by\u0142 plan. I ju\u017c jutro pewnie zaczn\u0105 si\u0119 tasiemcowe sprawozdania z wakacji. Dzi\u015b natomiast zamiast jakiej\u015b \u015bci\u0105gawki czy podkradzionego tekstu b\u0119d\u0105 zdj\u0119cia by\u015bcie mogli sobie przypomnie\u0107 jak wygl\u0105damy. Oczywi\u015bcie, \u017ce wszystkie zdj\u0119cia s\u0105 z Italii. Oto one: \u00a0 Pod drzewem figowym [&hellip;]<\/p>\n","protected":false},"author":2,"featured_media":0,"comment_status":"open","ping_status":"open","sticky":false,"template":"","format":"standard","meta":{"footnotes":""},"categories":[1],"tags":[],"_links":{"self":[{"href":"https:\/\/blog.polityka.pl\/adamczewski\/wp-json\/wp\/v2\/posts\/1029"}],"collection":[{"href":"https:\/\/blog.polityka.pl\/adamczewski\/wp-json\/wp\/v2\/posts"}],"about":[{"href":"https:\/\/blog.polityka.pl\/adamczewski\/wp-json\/wp\/v2\/types\/post"}],"author":[{"embeddable":true,"href":"https:\/\/blog.polityka.pl\/adamczewski\/wp-json\/wp\/v2\/users\/2"}],"replies":[{"embeddable":true,"href":"https:\/\/blog.polityka.pl\/adamczewski\/wp-json\/wp\/v2\/comments?post=1029"}],"version-history":[{"count":0,"href":"https:\/\/blog.polityka.pl\/adamczewski\/wp-json\/wp\/v2\/posts\/1029\/revisions"}],"wp:attachment":[{"href":"https:\/\/blog.polityka.pl\/adamczewski\/wp-json\/wp\/v2\/media?parent=1029"}],"wp:term":[{"taxonomy":"category","embeddable":true,"href":"https:\/\/blog.polityka.pl\/adamczewski\/wp-json\/wp\/v2\/categories?post=1029"},{"taxonomy":"post_tag","embeddable":true,"href":"https:\/\/blog.polityka.pl\/adamczewski\/wp-json\/wp\/v2\/tags?post=1029"}],"curies":[{"name":"wp","href":"https:\/\/api.w.org\/{rel}","templated":true}]}}