
{"id":10290,"date":"2009-07-13T06:38:44","date_gmt":"2009-07-13T05:38:44","guid":{"rendered":"http:\/\/adamczewscy.pl\/?p=2522"},"modified":"2009-07-13T06:38:44","modified_gmt":"2009-07-13T05:38:44","slug":"zielone-szparagi-zapiekane-z-parmezanem","status":"publish","type":"post","link":"https:\/\/blog.polityka.pl\/adamczewski\/2009\/07\/13\/zielone-szparagi-zapiekane-z-parmezanem\/","title":{"rendered":"Zielone szparagi zapiekane z parmezanem"},"content":{"rendered":"<p><em>2 p\u0119czki zielonych szparag\u00f3w, 2 jaja, 0,75 szklanki startego parmezanu, s\u00f3l, 2 \u0142y\u017cki oliwy z oliwek.\u00a0<\/em><\/p>\n<p>1. Szparagi obra\u0107 no\u017cem do obierania warzyw, ugotowa\u0107, powi\u0105zane w p\u0119czki na wp\u00f3\u0142 mi\u0119kko.<br \/>\n2. Ugotowa\u0107 na twardo jajka, ostudzi\u0107, obra\u0107, posieka\u0107 jak najdrobniej.<br \/>\n3. Szparagi ods\u0105czy\u0107, u\u0142o\u017cy\u0107 na p\u00f3\u0142misku, posoli\u0107, posypa\u0107 siekanymi jajkami i posypa\u0107 startym parmezanem.<br \/>\n4. Zapiec w nagrzanym do 190 st C piekarniku oko\u0142o 2 minut, skropi\u0107 oliw\u0105 i od razu podawa\u0107.<\/p>\n","protected":false},"excerpt":{"rendered":"<p>2 p\u0119czki zielonych szparag\u00f3w, 2 jaja, 0,75 szklanki startego parmezanu, s\u00f3l, 2 \u0142y\u017cki oliwy z oliwek.\u00a0 1. Szparagi obra\u0107 no\u017cem do obierania warzyw, ugotowa\u0107, powi\u0105zane w p\u0119czki na wp\u00f3\u0142 mi\u0119kko. 2. Ugotowa\u0107 na twardo jajka, ostudzi\u0107, obra\u0107, posieka\u0107 jak najdrobniej. 3. Szparagi ods\u0105czy\u0107, u\u0142o\u017cy\u0107 na p\u00f3\u0142misku, posoli\u0107, posypa\u0107 siekanymi jajkami i posypa\u0107 startym parmezanem. 4. [&hellip;]<\/p>\n","protected":false},"author":2,"featured_media":0,"comment_status":"open","ping_status":"open","sticky":false,"template":"","format":"standard","meta":{"footnotes":""},"categories":[1],"tags":[],"_links":{"self":[{"href":"https:\/\/blog.polityka.pl\/adamczewski\/wp-json\/wp\/v2\/posts\/10290"}],"collection":[{"href":"https:\/\/blog.polityka.pl\/adamczewski\/wp-json\/wp\/v2\/posts"}],"about":[{"href":"https:\/\/blog.polityka.pl\/adamczewski\/wp-json\/wp\/v2\/types\/post"}],"author":[{"embeddable":true,"href":"https:\/\/blog.polityka.pl\/adamczewski\/wp-json\/wp\/v2\/users\/2"}],"replies":[{"embeddable":true,"href":"https:\/\/blog.polityka.pl\/adamczewski\/wp-json\/wp\/v2\/comments?post=10290"}],"version-history":[{"count":0,"href":"https:\/\/blog.polityka.pl\/adamczewski\/wp-json\/wp\/v2\/posts\/10290\/revisions"}],"wp:attachment":[{"href":"https:\/\/blog.polityka.pl\/adamczewski\/wp-json\/wp\/v2\/media?parent=10290"}],"wp:term":[{"taxonomy":"category","embeddable":true,"href":"https:\/\/blog.polityka.pl\/adamczewski\/wp-json\/wp\/v2\/categories?post=10290"},{"taxonomy":"post_tag","embeddable":true,"href":"https:\/\/blog.polityka.pl\/adamczewski\/wp-json\/wp\/v2\/tags?post=10290"}],"curies":[{"name":"wp","href":"https:\/\/api.w.org\/{rel}","templated":true}]}}