
{"id":10291,"date":"2009-07-13T06:40:01","date_gmt":"2009-07-13T05:40:01","guid":{"rendered":"http:\/\/adamczewscy.pl\/?p=2523"},"modified":"2009-07-13T06:40:01","modified_gmt":"2009-07-13T05:40:01","slug":"steki-wolowe-na-grzankach","status":"publish","type":"post","link":"https:\/\/blog.polityka.pl\/adamczewski\/2009\/07\/13\/steki-wolowe-na-grzankach\/","title":{"rendered":"Steki wo\u0142owe na grzankach"},"content":{"rendered":"<p><em>(8 porcji)<\/p>\n<p>1 kg mielonego mi\u0119sa wo\u0142owego, 8 plasterk\u00f3w ostrego \u017c\u00f3\u0142tego sera (mo\u017ce by\u0107 cheddar), 2 \u0142y\u017cki oliwy, 2 \u017c\u00f3\u0142tka, s\u00f3l, pieprz, 8 du\u017cych kromek z bu\u0142ki wroc\u0142awskiej (krojonych uko\u015bnie, aby uzyska\u0107 wi\u0119ksz\u0105 powierzchni\u0119), 1,5 \u0142y\u017cki mas\u0142a<\/em><\/p>\n<p>1. Wymiesza\u0107 starannie mi\u0119so z \u017c\u00f3\u0142tkami i oliw\u0105, sol\u0105 i pieprzem.<br \/>\n2. Pomi\u0119dzy dwoma arkuszami folii spo\u017cywczej rozwa\u0142kowa\u0107 cienki placek z mielonego mi\u0119sa i wykrawa\u0107 z niego prostok\u0105tne steki wielko\u015bci plasterk\u00f3w sera.<br \/>\n3. Pomi\u0119dzy dwa steki wk\u0142ada\u0107 plasterek sera.<br \/>\n4. Sma\u017cy\u0107 steki na ma\u015ble, z obu stron, unikaj\u0105c zbytniego przypieczenia.<br \/>\n5. W czasie, kiedy sma\u017c\u0105 si\u0119 steki, upiec w piekarniku grzanki. Na ka\u017cdej grzance po\u0142o\u017cy\u0107 usma\u017cone mi\u0119so i od razu podawa\u0107.<\/p>\n","protected":false},"excerpt":{"rendered":"<p>(8 porcji) 1 kg mielonego mi\u0119sa wo\u0142owego, 8 plasterk\u00f3w ostrego \u017c\u00f3\u0142tego sera (mo\u017ce by\u0107 cheddar), 2 \u0142y\u017cki oliwy, 2 \u017c\u00f3\u0142tka, s\u00f3l, pieprz, 8 du\u017cych kromek z bu\u0142ki wroc\u0142awskiej (krojonych uko\u015bnie, aby uzyska\u0107 wi\u0119ksz\u0105 powierzchni\u0119), 1,5 \u0142y\u017cki mas\u0142a 1. Wymiesza\u0107 starannie mi\u0119so z \u017c\u00f3\u0142tkami i oliw\u0105, sol\u0105 i pieprzem. 2. Pomi\u0119dzy dwoma arkuszami folii spo\u017cywczej rozwa\u0142kowa\u0107 [&hellip;]<\/p>\n","protected":false},"author":2,"featured_media":0,"comment_status":"open","ping_status":"open","sticky":false,"template":"","format":"standard","meta":{"footnotes":""},"categories":[1],"tags":[],"_links":{"self":[{"href":"https:\/\/blog.polityka.pl\/adamczewski\/wp-json\/wp\/v2\/posts\/10291"}],"collection":[{"href":"https:\/\/blog.polityka.pl\/adamczewski\/wp-json\/wp\/v2\/posts"}],"about":[{"href":"https:\/\/blog.polityka.pl\/adamczewski\/wp-json\/wp\/v2\/types\/post"}],"author":[{"embeddable":true,"href":"https:\/\/blog.polityka.pl\/adamczewski\/wp-json\/wp\/v2\/users\/2"}],"replies":[{"embeddable":true,"href":"https:\/\/blog.polityka.pl\/adamczewski\/wp-json\/wp\/v2\/comments?post=10291"}],"version-history":[{"count":0,"href":"https:\/\/blog.polityka.pl\/adamczewski\/wp-json\/wp\/v2\/posts\/10291\/revisions"}],"wp:attachment":[{"href":"https:\/\/blog.polityka.pl\/adamczewski\/wp-json\/wp\/v2\/media?parent=10291"}],"wp:term":[{"taxonomy":"category","embeddable":true,"href":"https:\/\/blog.polityka.pl\/adamczewski\/wp-json\/wp\/v2\/categories?post=10291"},{"taxonomy":"post_tag","embeddable":true,"href":"https:\/\/blog.polityka.pl\/adamczewski\/wp-json\/wp\/v2\/tags?post=10291"}],"curies":[{"name":"wp","href":"https:\/\/api.w.org\/{rel}","templated":true}]}}