
{"id":10292,"date":"2009-07-13T06:42:14","date_gmt":"2009-07-13T05:42:14","guid":{"rendered":"http:\/\/adamczewscy.pl\/?p=2524"},"modified":"2009-07-13T06:42:14","modified_gmt":"2009-07-13T05:42:14","slug":"spaghetti-z-tunczykiem","status":"publish","type":"post","link":"https:\/\/blog.polityka.pl\/adamczewski\/2009\/07\/13\/spaghetti-z-tunczykiem\/","title":{"rendered":"Spaghetti z tu\u0144czykiem"},"content":{"rendered":"<p><em>Ok. 40 dag makaronu spaghetti, puszka tu\u0144czyka (200 g)  w oliwie, 2 \u0142y\u017cki kapar\u00f3w (najlepiej w soli) cebula, puszeczka filecik\u00f3w anchois, 3 dojrza\u0142e pomidory, 2 \u0142y\u017cki posiekanej zielonej pietruszki,  \u0142y\u017ceczka \u015bwie\u017cego oregano, p\u00f3\u0142 szklanki bia\u0142ego wina, 4 \u0142y\u017cki oliwy z oliwek, s\u00f3l.\u00a0<\/em><\/p>\n<p>1. Rozgrza\u0107 na patelni lekko oliw\u0119, doda\u0107 pokrojon\u0105 drobno cebul\u0119, a kiedy stanie si\u0119 szklista, doda\u0107 ods\u0105czonego tu\u0144czyka, filety anchois, po chwili dola\u0107 wino i dusi\u0107.<br \/>\n2. Pomidory obra\u0107 ze sk\u00f3rki, pokroi\u0107 i doda\u0107 do sosu, dusi\u0107 10 minut. Doda\u0107 kapary oraz oregano.<br \/>\n3. W czasie, kiedy gotuje si\u0119 sos zagotowa\u0107 wod\u0119, wrzuci\u0107 spaghetti, kiedy makaron jest al dente odcedzi\u0107 i doda\u0107 do sosu, wymiesza\u0107.<\/p>\n","protected":false},"excerpt":{"rendered":"<p>Ok. 40 dag makaronu spaghetti, puszka tu\u0144czyka (200 g) w oliwie, 2 \u0142y\u017cki kapar\u00f3w (najlepiej w soli) cebula, puszeczka filecik\u00f3w anchois, 3 dojrza\u0142e pomidory, 2 \u0142y\u017cki posiekanej zielonej pietruszki, \u0142y\u017ceczka \u015bwie\u017cego oregano, p\u00f3\u0142 szklanki bia\u0142ego wina, 4 \u0142y\u017cki oliwy z oliwek, s\u00f3l.\u00a0 1. Rozgrza\u0107 na patelni lekko oliw\u0119, doda\u0107 pokrojon\u0105 drobno cebul\u0119, a kiedy stanie [&hellip;]<\/p>\n","protected":false},"author":2,"featured_media":0,"comment_status":"open","ping_status":"open","sticky":false,"template":"","format":"standard","meta":{"footnotes":""},"categories":[1],"tags":[],"_links":{"self":[{"href":"https:\/\/blog.polityka.pl\/adamczewski\/wp-json\/wp\/v2\/posts\/10292"}],"collection":[{"href":"https:\/\/blog.polityka.pl\/adamczewski\/wp-json\/wp\/v2\/posts"}],"about":[{"href":"https:\/\/blog.polityka.pl\/adamczewski\/wp-json\/wp\/v2\/types\/post"}],"author":[{"embeddable":true,"href":"https:\/\/blog.polityka.pl\/adamczewski\/wp-json\/wp\/v2\/users\/2"}],"replies":[{"embeddable":true,"href":"https:\/\/blog.polityka.pl\/adamczewski\/wp-json\/wp\/v2\/comments?post=10292"}],"version-history":[{"count":0,"href":"https:\/\/blog.polityka.pl\/adamczewski\/wp-json\/wp\/v2\/posts\/10292\/revisions"}],"wp:attachment":[{"href":"https:\/\/blog.polityka.pl\/adamczewski\/wp-json\/wp\/v2\/media?parent=10292"}],"wp:term":[{"taxonomy":"category","embeddable":true,"href":"https:\/\/blog.polityka.pl\/adamczewski\/wp-json\/wp\/v2\/categories?post=10292"},{"taxonomy":"post_tag","embeddable":true,"href":"https:\/\/blog.polityka.pl\/adamczewski\/wp-json\/wp\/v2\/tags?post=10292"}],"curies":[{"name":"wp","href":"https:\/\/api.w.org\/{rel}","templated":true}]}}