
{"id":10293,"date":"2009-07-13T06:43:28","date_gmt":"2009-07-13T05:43:28","guid":{"rendered":"http:\/\/adamczewscy.pl\/?p=2525"},"modified":"2009-07-13T06:43:28","modified_gmt":"2009-07-13T05:43:28","slug":"spaghetti-z-brokulami","status":"publish","type":"post","link":"https:\/\/blog.polityka.pl\/adamczewski\/2009\/07\/13\/spaghetti-z-brokulami\/","title":{"rendered":"Spaghetti z broku\u0142ami"},"content":{"rendered":"<p><em>Ok. 40 dag spaghetti, spora r\u00f3\u017cyczka broku\u0142\u00f3w, 6 filecik\u00f3w anchois, 4 \u0142y\u017cki oliwy z oliwek, z\u0105bek czosnku, szczypta ostrej mielonej papryki, s\u00f3l.\u00a0<\/em><\/p>\n<p>1. Zagotowa\u0107 ok. 4 &#8211; 5 litr\u00f3w wody lekko osolonej, ugotowa\u0107 w niej  broku\u0142y. Nie powinny by\u0107 mi\u0119kkie. Wyj\u0105\u0107 \u0142y\u017ck\u0105 cedzakow\u0105, pokroi\u0107 na do\u015b\u0107 du\u017ce kawa\u0142ki.<br \/>\n2. Na patelni rozgrza\u0107 oliw\u0119, doda\u0107 z\u0105bek czosnku, anchois oraz papryk\u0119, solimy lekko (fileciki s\u0105 do\u015b\u0107 s\u0142one). Kiedy ju\u017c wszystko to jest podduszone, doda\u0107 broku\u0142y i utrzymywa\u0107 w cieple.<br \/>\n3. W wodzie po ugotowaniu broku\u0142\u00f3w ugotowa\u0107 spaghetti, odcedzi\u0107, prze\u0142o\u017cy\u0107 na patelni\u0119 z  broku\u0142ami, wymiesza\u0107.<\/p>\n","protected":false},"excerpt":{"rendered":"<p>Ok. 40 dag spaghetti, spora r\u00f3\u017cyczka broku\u0142\u00f3w, 6 filecik\u00f3w anchois, 4 \u0142y\u017cki oliwy z oliwek, z\u0105bek czosnku, szczypta ostrej mielonej papryki, s\u00f3l.\u00a0 1. Zagotowa\u0107 ok. 4 &#8211; 5 litr\u00f3w wody lekko osolonej, ugotowa\u0107 w niej broku\u0142y. Nie powinny by\u0107 mi\u0119kkie. Wyj\u0105\u0107 \u0142y\u017ck\u0105 cedzakow\u0105, pokroi\u0107 na do\u015b\u0107 du\u017ce kawa\u0142ki. 2. Na patelni rozgrza\u0107 oliw\u0119, doda\u0107 z\u0105bek [&hellip;]<\/p>\n","protected":false},"author":2,"featured_media":0,"comment_status":"open","ping_status":"open","sticky":false,"template":"","format":"standard","meta":{"footnotes":""},"categories":[1],"tags":[],"_links":{"self":[{"href":"https:\/\/blog.polityka.pl\/adamczewski\/wp-json\/wp\/v2\/posts\/10293"}],"collection":[{"href":"https:\/\/blog.polityka.pl\/adamczewski\/wp-json\/wp\/v2\/posts"}],"about":[{"href":"https:\/\/blog.polityka.pl\/adamczewski\/wp-json\/wp\/v2\/types\/post"}],"author":[{"embeddable":true,"href":"https:\/\/blog.polityka.pl\/adamczewski\/wp-json\/wp\/v2\/users\/2"}],"replies":[{"embeddable":true,"href":"https:\/\/blog.polityka.pl\/adamczewski\/wp-json\/wp\/v2\/comments?post=10293"}],"version-history":[{"count":0,"href":"https:\/\/blog.polityka.pl\/adamczewski\/wp-json\/wp\/v2\/posts\/10293\/revisions"}],"wp:attachment":[{"href":"https:\/\/blog.polityka.pl\/adamczewski\/wp-json\/wp\/v2\/media?parent=10293"}],"wp:term":[{"taxonomy":"category","embeddable":true,"href":"https:\/\/blog.polityka.pl\/adamczewski\/wp-json\/wp\/v2\/categories?post=10293"},{"taxonomy":"post_tag","embeddable":true,"href":"https:\/\/blog.polityka.pl\/adamczewski\/wp-json\/wp\/v2\/tags?post=10293"}],"curies":[{"name":"wp","href":"https:\/\/api.w.org\/{rel}","templated":true}]}}