
{"id":10294,"date":"2009-07-13T06:44:39","date_gmt":"2009-07-13T05:44:39","guid":{"rendered":"http:\/\/adamczewscy.pl\/?p=2526"},"modified":"2009-07-13T06:44:39","modified_gmt":"2009-07-13T05:44:39","slug":"rolady-cielece-z-suszonymi-pomidorami","status":"publish","type":"post","link":"https:\/\/blog.polityka.pl\/adamczewski\/2009\/07\/13\/rolady-cielece-z-suszonymi-pomidorami\/","title":{"rendered":"Rolady ciel\u0119ce z suszonymi pomidorami"},"content":{"rendered":"<p><em>Ok. 60 dag ciel\u0119ciny z ud\u017aca, 2 plastry serapecorino, 12 \u015brednich suszonych pomidor\u00f3w, szklanka bia\u0142ego wina, ma\u0142a cebula lub dymka, p\u00f3\u0142 szklanki bulionu (mo\u017ce by\u0107 ciel\u0119cy z kostki), 2 \u0142y\u017cki mas\u0142a, s\u00f3l.<\/em><\/p>\n<p>1. Pokroi\u0107 ciel\u0119cin\u0119 na 12 plasterk\u00f3w, lekko je zbi\u0107,  posypa\u0107 odrobin\u0105 soli.<br \/>\n2. Na ka\u017cdym kawa\u0142ku mi\u0119sa po\u0142o\u017cy\u0107 suszonego pomidora i kawa\u0142ek sera pecorino. Zwin\u0105\u0107 roladki.<br \/>\n3. Na patelni rozgrza\u0107 oliw\u0119 z pokrojon\u0105 cebul\u0105 i podsma\u017cy\u0107 na niej roladki po czym zdj\u0105\u0107 z patelni cebul\u0119 nie dopuszczaj\u0105c do jej zrumienienia.<br \/>\n4. Do oliwy na patelni doda\u0107 mas\u0142o, kiedy si\u0119 rozpu\u015bci wla\u0107 bia\u0142e wino i bulion. Gotowa\u0107 do zg\u0119stnienia sosu.<br \/>\nRoladki doskonale smakuj\u0105 podane na warstwie rukoli, polane obficie sosem.<\/p>\n","protected":false},"excerpt":{"rendered":"<p>Ok. 60 dag ciel\u0119ciny z ud\u017aca, 2 plastry serapecorino, 12 \u015brednich suszonych pomidor\u00f3w, szklanka bia\u0142ego wina, ma\u0142a cebula lub dymka, p\u00f3\u0142 szklanki bulionu (mo\u017ce by\u0107 ciel\u0119cy z kostki), 2 \u0142y\u017cki mas\u0142a, s\u00f3l. 1. Pokroi\u0107 ciel\u0119cin\u0119 na 12 plasterk\u00f3w, lekko je zbi\u0107, posypa\u0107 odrobin\u0105 soli. 2. Na ka\u017cdym kawa\u0142ku mi\u0119sa po\u0142o\u017cy\u0107 suszonego pomidora i kawa\u0142ek sera [&hellip;]<\/p>\n","protected":false},"author":2,"featured_media":0,"comment_status":"open","ping_status":"open","sticky":false,"template":"","format":"standard","meta":{"footnotes":""},"categories":[1],"tags":[],"_links":{"self":[{"href":"https:\/\/blog.polityka.pl\/adamczewski\/wp-json\/wp\/v2\/posts\/10294"}],"collection":[{"href":"https:\/\/blog.polityka.pl\/adamczewski\/wp-json\/wp\/v2\/posts"}],"about":[{"href":"https:\/\/blog.polityka.pl\/adamczewski\/wp-json\/wp\/v2\/types\/post"}],"author":[{"embeddable":true,"href":"https:\/\/blog.polityka.pl\/adamczewski\/wp-json\/wp\/v2\/users\/2"}],"replies":[{"embeddable":true,"href":"https:\/\/blog.polityka.pl\/adamczewski\/wp-json\/wp\/v2\/comments?post=10294"}],"version-history":[{"count":0,"href":"https:\/\/blog.polityka.pl\/adamczewski\/wp-json\/wp\/v2\/posts\/10294\/revisions"}],"wp:attachment":[{"href":"https:\/\/blog.polityka.pl\/adamczewski\/wp-json\/wp\/v2\/media?parent=10294"}],"wp:term":[{"taxonomy":"category","embeddable":true,"href":"https:\/\/blog.polityka.pl\/adamczewski\/wp-json\/wp\/v2\/categories?post=10294"},{"taxonomy":"post_tag","embeddable":true,"href":"https:\/\/blog.polityka.pl\/adamczewski\/wp-json\/wp\/v2\/tags?post=10294"}],"curies":[{"name":"wp","href":"https:\/\/api.w.org\/{rel}","templated":true}]}}