
{"id":10296,"date":"2009-07-13T06:46:53","date_gmt":"2009-07-13T05:46:53","guid":{"rendered":"http:\/\/adamczewscy.pl\/?p=2528"},"modified":"2009-07-13T06:46:53","modified_gmt":"2009-07-13T05:46:53","slug":"podsmazane-warzywa-z-dodatkiem-tunczyka","status":"publish","type":"post","link":"https:\/\/blog.polityka.pl\/adamczewski\/2009\/07\/13\/podsmazane-warzywa-z-dodatkiem-tunczyka\/","title":{"rendered":"Podsma\u017cane warzywa z dodatkiem tu\u0144czyka"},"content":{"rendered":"<p><em>2 cukinie, str\u0105k zielonej lub \u017c\u00f3\u0142tej papryki, du\u017ca cebula, 4 pomidory,  p\u00f3l szklanki oliwy, ew.  4 \u0142y\u017cki bia\u0142ego wina, z\u0105bek czosnku, pieprz, s\u00f3l, 2 puszki tu\u0144czyka w oleju.\u00a0<\/em><\/p>\n<p>1. Na patelni rozgrza\u0107 4 \u0142y\u017cki oliwy, doda\u0107 przeci\u015bni\u0119ty przez prask\u0119 czosnek, pokrojon\u0105 w plasterki cukini\u0119 i podsma\u017cy\u0107 razem. Cukini\u0119 wyj\u0105\u0107 z patelni.<br \/>\n2. Pokroi\u0107 w kostk\u0119 papryki, podsma\u017cy\u0107 na pozosta\u0142ej po sma\u017ceniu cukinii oliwie. Wyj\u0105\u0107 papryk\u0119 z patelni.<br \/>\n3. Na pozosta\u0142ej oliwie podsma\u017cy\u0107 posiekana cebul\u0119, doda\u0107 obrane ze sk\u00f3rek pomidory. Poddusi\u0107, doda\u0107 cukini\u0119 i papryk\u0119, ew. bia\u0142e wino, s\u00f3l, pieprz i dusi\u0107 5 &#8211; 10 minut.<br \/>\n4. Warzywa wy\u0142o\u017cy\u0107 na p\u00f3\u0142misek, na wierzchu u\u0142o\u017cy\u0107 ods\u0105czonego z oliwy tu\u0144czyka.<\/p>\n","protected":false},"excerpt":{"rendered":"<p>2 cukinie, str\u0105k zielonej lub \u017c\u00f3\u0142tej papryki, du\u017ca cebula, 4 pomidory, p\u00f3l szklanki oliwy, ew. 4 \u0142y\u017cki bia\u0142ego wina, z\u0105bek czosnku, pieprz, s\u00f3l, 2 puszki tu\u0144czyka w oleju.\u00a0 1. Na patelni rozgrza\u0107 4 \u0142y\u017cki oliwy, doda\u0107 przeci\u015bni\u0119ty przez prask\u0119 czosnek, pokrojon\u0105 w plasterki cukini\u0119 i podsma\u017cy\u0107 razem. Cukini\u0119 wyj\u0105\u0107 z patelni. 2. Pokroi\u0107 w kostk\u0119 [&hellip;]<\/p>\n","protected":false},"author":2,"featured_media":0,"comment_status":"open","ping_status":"open","sticky":false,"template":"","format":"standard","meta":{"footnotes":""},"categories":[1],"tags":[],"_links":{"self":[{"href":"https:\/\/blog.polityka.pl\/adamczewski\/wp-json\/wp\/v2\/posts\/10296"}],"collection":[{"href":"https:\/\/blog.polityka.pl\/adamczewski\/wp-json\/wp\/v2\/posts"}],"about":[{"href":"https:\/\/blog.polityka.pl\/adamczewski\/wp-json\/wp\/v2\/types\/post"}],"author":[{"embeddable":true,"href":"https:\/\/blog.polityka.pl\/adamczewski\/wp-json\/wp\/v2\/users\/2"}],"replies":[{"embeddable":true,"href":"https:\/\/blog.polityka.pl\/adamczewski\/wp-json\/wp\/v2\/comments?post=10296"}],"version-history":[{"count":0,"href":"https:\/\/blog.polityka.pl\/adamczewski\/wp-json\/wp\/v2\/posts\/10296\/revisions"}],"wp:attachment":[{"href":"https:\/\/blog.polityka.pl\/adamczewski\/wp-json\/wp\/v2\/media?parent=10296"}],"wp:term":[{"taxonomy":"category","embeddable":true,"href":"https:\/\/blog.polityka.pl\/adamczewski\/wp-json\/wp\/v2\/categories?post=10296"},{"taxonomy":"post_tag","embeddable":true,"href":"https:\/\/blog.polityka.pl\/adamczewski\/wp-json\/wp\/v2\/tags?post=10296"}],"curies":[{"name":"wp","href":"https:\/\/api.w.org\/{rel}","templated":true}]}}