
{"id":10297,"date":"2009-07-13T06:47:49","date_gmt":"2009-07-13T05:47:49","guid":{"rendered":"http:\/\/adamczewscy.pl\/?p=2529"},"modified":"2009-07-13T06:47:49","modified_gmt":"2009-07-13T05:47:49","slug":"makaron-z-sosem-z-baklazana","status":"publish","type":"post","link":"https:\/\/blog.polityka.pl\/adamczewski\/2009\/07\/13\/makaron-z-sosem-z-baklazana\/","title":{"rendered":"Makaron z sosem z bak\u0142a\u017cana"},"content":{"rendered":"<p><em>Ok. 40 dag makaronu rurki, 2 bak\u0142a\u017cany, 4 du\u017ce dojrza\u0142e pomidory, 3 \u0142y\u017cki kapar\u00f3w, 2 z\u0105bki czosnku, 2 ga\u0142\u0105zki bazylii, s\u00f3l, 6 \u0142y\u017cek oliwy, 0,75 szklanki startego na tarce ususzonego oscypka.\u00a0<\/em><\/p>\n<p>1. Pokroi\u0107 bak\u0142a\u017cany  w kostk\u0119 o boku ok. 1 cm, w\u0142o\u017cy\u0107 do sitka, posoli\u0107 i odstawi\u0107, aby odciek\u0142 gorzkawy sok.<br \/>\n2. W garnku rozgrza\u0107 oliw\u0119 usma\u017cy\u0107 na niej na z\u0142ocisto bak\u0142a\u017cany, doda\u0107 pokrojone pomidory, czosnek poprzekrawany na po\u0142\u00f3wki, p\u00f3\u0142 szklanki wrz\u0105cej wody, kapary i porwan\u0105 palcami bazyli\u0119.<br \/>\n3. Dusi\u0107 razem 15 minut.<br \/>\n4. W tym czasie zagotowa\u0107 wod\u0119 w garnku, ugotowa\u0107 tagliatelle, odcedzi\u0107 i doda\u0107 do garnka z sosem, wymiesza\u0107.<br \/>\n5. Posypa\u0107 potraw\u0119 startym oscypkiem i od razu podawa\u0107.<\/p>\n","protected":false},"excerpt":{"rendered":"<p>Ok. 40 dag makaronu rurki, 2 bak\u0142a\u017cany, 4 du\u017ce dojrza\u0142e pomidory, 3 \u0142y\u017cki kapar\u00f3w, 2 z\u0105bki czosnku, 2 ga\u0142\u0105zki bazylii, s\u00f3l, 6 \u0142y\u017cek oliwy, 0,75 szklanki startego na tarce ususzonego oscypka.\u00a0 1. Pokroi\u0107 bak\u0142a\u017cany w kostk\u0119 o boku ok. 1 cm, w\u0142o\u017cy\u0107 do sitka, posoli\u0107 i odstawi\u0107, aby odciek\u0142 gorzkawy sok. 2. W garnku rozgrza\u0107 [&hellip;]<\/p>\n","protected":false},"author":2,"featured_media":0,"comment_status":"open","ping_status":"open","sticky":false,"template":"","format":"standard","meta":{"footnotes":""},"categories":[1],"tags":[],"_links":{"self":[{"href":"https:\/\/blog.polityka.pl\/adamczewski\/wp-json\/wp\/v2\/posts\/10297"}],"collection":[{"href":"https:\/\/blog.polityka.pl\/adamczewski\/wp-json\/wp\/v2\/posts"}],"about":[{"href":"https:\/\/blog.polityka.pl\/adamczewski\/wp-json\/wp\/v2\/types\/post"}],"author":[{"embeddable":true,"href":"https:\/\/blog.polityka.pl\/adamczewski\/wp-json\/wp\/v2\/users\/2"}],"replies":[{"embeddable":true,"href":"https:\/\/blog.polityka.pl\/adamczewski\/wp-json\/wp\/v2\/comments?post=10297"}],"version-history":[{"count":0,"href":"https:\/\/blog.polityka.pl\/adamczewski\/wp-json\/wp\/v2\/posts\/10297\/revisions"}],"wp:attachment":[{"href":"https:\/\/blog.polityka.pl\/adamczewski\/wp-json\/wp\/v2\/media?parent=10297"}],"wp:term":[{"taxonomy":"category","embeddable":true,"href":"https:\/\/blog.polityka.pl\/adamczewski\/wp-json\/wp\/v2\/categories?post=10297"},{"taxonomy":"post_tag","embeddable":true,"href":"https:\/\/blog.polityka.pl\/adamczewski\/wp-json\/wp\/v2\/tags?post=10297"}],"curies":[{"name":"wp","href":"https:\/\/api.w.org\/{rel}","templated":true}]}}