
{"id":10298,"date":"2009-07-13T06:48:35","date_gmt":"2009-07-13T05:48:35","guid":{"rendered":"http:\/\/adamczewscy.pl\/?p=2530"},"modified":"2009-07-13T06:48:35","modified_gmt":"2009-07-13T05:48:35","slug":"makaron-z-grzybami","status":"publish","type":"post","link":"https:\/\/blog.polityka.pl\/adamczewski\/2009\/07\/13\/makaron-z-grzybami\/","title":{"rendered":"Makaron z grzybami"},"content":{"rendered":"<p><em>Niepe\u0142na paczka makaronu (rurki, krajanka, wst\u0105\u017cki),<br \/>\n50 dag pieczarek lub grzyb\u00f3w le\u015bnych, szklanka startego \u017c\u00f3\u0142tego sera, 2 \u0142y\u017cki mas\u0142a, cebula, p\u00f3\u0142 szklanki \u015bmietany, jajo, s\u00f3l, pieprz. Do wysmarowania \u017caroodpornego naczynia: \u0142y\u017cka mas\u0142a.\u00a0<\/em><\/p>\n<p>1. Ugotowa\u0107 makaron w du\u017cej ilo\u015bci wody, odcedzi\u0107.<br \/>\n2. Grzyby pokroi\u0107 w plasterki.<br \/>\n3. Na ma\u015ble podsma\u017cy\u0107 pokrojon\u0105 w plasterki cebul\u0119, doda\u0107 grzyby i dusi\u0107, a\u017c ca\u0142y p\u0142yn wyparuje, doda\u0107 s\u00f3l i pieprz.<br \/>\n4. Wymiesza\u0107 makaron z grzybami, w\u0142o\u017cy\u0107 do wysmarowanego mas\u0142em \u017caroodpornego naczynia.<br \/>\n5. \u015amietan\u0119 wymiesza\u0107 z jajem, pola\u0107 zapiekank\u0119, wierzch posypa\u0107 startym serem.<br \/>\n6 Nagrza\u0107 piekarnik do 180 st C i 30 minut zapieka\u0107 makaron.<\/p>\n","protected":false},"excerpt":{"rendered":"<p>Niepe\u0142na paczka makaronu (rurki, krajanka, wst\u0105\u017cki), 50 dag pieczarek lub grzyb\u00f3w le\u015bnych, szklanka startego \u017c\u00f3\u0142tego sera, 2 \u0142y\u017cki mas\u0142a, cebula, p\u00f3\u0142 szklanki \u015bmietany, jajo, s\u00f3l, pieprz. Do wysmarowania \u017caroodpornego naczynia: \u0142y\u017cka mas\u0142a.\u00a0 1. Ugotowa\u0107 makaron w du\u017cej ilo\u015bci wody, odcedzi\u0107. 2. Grzyby pokroi\u0107 w plasterki. 3. Na ma\u015ble podsma\u017cy\u0107 pokrojon\u0105 w plasterki cebul\u0119, doda\u0107 grzyby [&hellip;]<\/p>\n","protected":false},"author":2,"featured_media":0,"comment_status":"open","ping_status":"open","sticky":false,"template":"","format":"standard","meta":{"footnotes":""},"categories":[1],"tags":[],"_links":{"self":[{"href":"https:\/\/blog.polityka.pl\/adamczewski\/wp-json\/wp\/v2\/posts\/10298"}],"collection":[{"href":"https:\/\/blog.polityka.pl\/adamczewski\/wp-json\/wp\/v2\/posts"}],"about":[{"href":"https:\/\/blog.polityka.pl\/adamczewski\/wp-json\/wp\/v2\/types\/post"}],"author":[{"embeddable":true,"href":"https:\/\/blog.polityka.pl\/adamczewski\/wp-json\/wp\/v2\/users\/2"}],"replies":[{"embeddable":true,"href":"https:\/\/blog.polityka.pl\/adamczewski\/wp-json\/wp\/v2\/comments?post=10298"}],"version-history":[{"count":0,"href":"https:\/\/blog.polityka.pl\/adamczewski\/wp-json\/wp\/v2\/posts\/10298\/revisions"}],"wp:attachment":[{"href":"https:\/\/blog.polityka.pl\/adamczewski\/wp-json\/wp\/v2\/media?parent=10298"}],"wp:term":[{"taxonomy":"category","embeddable":true,"href":"https:\/\/blog.polityka.pl\/adamczewski\/wp-json\/wp\/v2\/categories?post=10298"},{"taxonomy":"post_tag","embeddable":true,"href":"https:\/\/blog.polityka.pl\/adamczewski\/wp-json\/wp\/v2\/tags?post=10298"}],"curies":[{"name":"wp","href":"https:\/\/api.w.org\/{rel}","templated":true}]}}