
{"id":10299,"date":"2009-07-13T06:49:32","date_gmt":"2009-07-13T05:49:32","guid":{"rendered":"http:\/\/adamczewscy.pl\/?p=2531"},"modified":"2009-07-13T06:49:32","modified_gmt":"2009-07-13T05:49:32","slug":"kurczak-z-cytrynami","status":"publish","type":"post","link":"https:\/\/blog.polityka.pl\/adamczewski\/2009\/07\/13\/kurczak-z-cytrynami\/","title":{"rendered":"Kurczak z cytrynami"},"content":{"rendered":"<p><em>4 udka z kurczaka,  0,75 szklanki bia\u0142ego wina, 0,75 szklanki bulionu, 6 \u0142y\u017cek oliwy z oliwek, 2 cytryny, cebula, \u0142y\u017cka cukru, s\u00f3l, p\u00f3\u0142 li\u015bcia laurowego.\u00a0<\/em><\/p>\n<p>1. Udka kurczaka umy\u0107, osuszy\u0107, lekko posoli\u0107 i zrumieni\u0107 na oliwie. Prze\u0142o\u017cy\u0107 do garnka.<br \/>\n2. Na pozosta\u0142ym na patelni t\u0142uszczu podsma\u017cy\u0107 jedn\u0105 cebul\u0119 i doda\u0107 do kurczaka.<br \/>\n3. Cytryny bez obierania pokroi\u0107 na \u0107wiartki, doda\u0107 do kurczaka, doda\u0107 wino, bulion, li\u015b\u0107 laurowy i cukier. Dusi\u0107 45 minut, pod przykrywk\u0105.<br \/>\nKurczak tak przyrz\u0105dzony doskonale smakuje z dodatkiem ry\u017cu i sur\u00f3wki z marchwi z winegretem.<\/p>\n","protected":false},"excerpt":{"rendered":"<p>4 udka z kurczaka, 0,75 szklanki bia\u0142ego wina, 0,75 szklanki bulionu, 6 \u0142y\u017cek oliwy z oliwek, 2 cytryny, cebula, \u0142y\u017cka cukru, s\u00f3l, p\u00f3\u0142 li\u015bcia laurowego.\u00a0 1. Udka kurczaka umy\u0107, osuszy\u0107, lekko posoli\u0107 i zrumieni\u0107 na oliwie. Prze\u0142o\u017cy\u0107 do garnka. 2. Na pozosta\u0142ym na patelni t\u0142uszczu podsma\u017cy\u0107 jedn\u0105 cebul\u0119 i doda\u0107 do kurczaka. 3. Cytryny bez [&hellip;]<\/p>\n","protected":false},"author":2,"featured_media":0,"comment_status":"open","ping_status":"open","sticky":false,"template":"","format":"standard","meta":{"footnotes":""},"categories":[1],"tags":[],"_links":{"self":[{"href":"https:\/\/blog.polityka.pl\/adamczewski\/wp-json\/wp\/v2\/posts\/10299"}],"collection":[{"href":"https:\/\/blog.polityka.pl\/adamczewski\/wp-json\/wp\/v2\/posts"}],"about":[{"href":"https:\/\/blog.polityka.pl\/adamczewski\/wp-json\/wp\/v2\/types\/post"}],"author":[{"embeddable":true,"href":"https:\/\/blog.polityka.pl\/adamczewski\/wp-json\/wp\/v2\/users\/2"}],"replies":[{"embeddable":true,"href":"https:\/\/blog.polityka.pl\/adamczewski\/wp-json\/wp\/v2\/comments?post=10299"}],"version-history":[{"count":0,"href":"https:\/\/blog.polityka.pl\/adamczewski\/wp-json\/wp\/v2\/posts\/10299\/revisions"}],"wp:attachment":[{"href":"https:\/\/blog.polityka.pl\/adamczewski\/wp-json\/wp\/v2\/media?parent=10299"}],"wp:term":[{"taxonomy":"category","embeddable":true,"href":"https:\/\/blog.polityka.pl\/adamczewski\/wp-json\/wp\/v2\/categories?post=10299"},{"taxonomy":"post_tag","embeddable":true,"href":"https:\/\/blog.polityka.pl\/adamczewski\/wp-json\/wp\/v2\/tags?post=10299"}],"curies":[{"name":"wp","href":"https:\/\/api.w.org\/{rel}","templated":true}]}}