
{"id":103,"date":"2006-12-13T10:33:50","date_gmt":"2006-12-13T09:33:50","guid":{"rendered":"http:\/\/adamczewski.blog.polityka.pl\/?p=103"},"modified":"2006-12-13T11:00:36","modified_gmt":"2006-12-13T10:00:36","slug":"zgadnij-co-gotujemy-18","status":"publish","type":"post","link":"https:\/\/blog.polityka.pl\/adamczewski\/2006\/12\/13\/zgadnij-co-gotujemy-18\/","title":{"rendered":"Zgadnij co gotujemy (18)"},"content":{"rendered":"<p>Historia kuchni jest histori\u0105 kraju i narodu. A tak\u017ce j\u0119zyka. Dlatego te\u017c dzi\u015b quiz j\u0119zykowy. Ale znawcy polskiej kuchni nie b\u0119d\u0105 mieli z tym k\u0142opot\u00f3w. Innych odsy\u0142am do s\u0142ownik\u00f3w lub encyklopedii kulinarnych.<\/p>\n<p>Co to jest:<br \/>\n1) &#8211; spad\u017a<br \/>\n2) &#8211; obalanka<br \/>\n3) &#8211; cukrowa kolacja<\/p>\n<p>Ten kto pierwszy przy\u015ble pod sta\u0142y adres <a href=\"http:\/\/adamczewski.blog.polityka.pl\/internet@polityka.com.pl\">internet@polityka.com.pl<\/a> Prawid\u0142owe odpowiedzi otrzyma ksi\u0105\u017ck\u0119 Barbary Adamczewskiej wydan\u0105 przez Nowy \u015awiat pt. &#8222;Kuchnia \u017cydowska wg. Rebeki Wolf&#8221; z dedykacj\u0105 autorki i autografami, bowiem i ja tam do\u0142\u0105cz\u0119 swoje trzy grosze. No to do dzie\u0142a.<\/p>\n","protected":false},"excerpt":{"rendered":"<p>Historia kuchni jest histori\u0105 kraju i narodu. A tak\u017ce j\u0119zyka. Dlatego te\u017c dzi\u015b quiz j\u0119zykowy. Ale znawcy polskiej kuchni nie b\u0119d\u0105 mieli z tym k\u0142opot\u00f3w. Innych odsy\u0142am do s\u0142ownik\u00f3w lub encyklopedii kulinarnych. Co to jest: 1) &#8211; spad\u017a 2) &#8211; obalanka 3) &#8211; cukrowa kolacja Ten kto pierwszy przy\u015ble pod sta\u0142y adres internet@polityka.com.pl Prawid\u0142owe odpowiedzi [&hellip;]<\/p>\n","protected":false},"author":2,"featured_media":0,"comment_status":"open","ping_status":"open","sticky":false,"template":"","format":"standard","meta":{"footnotes":""},"categories":[1],"tags":[],"_links":{"self":[{"href":"https:\/\/blog.polityka.pl\/adamczewski\/wp-json\/wp\/v2\/posts\/103"}],"collection":[{"href":"https:\/\/blog.polityka.pl\/adamczewski\/wp-json\/wp\/v2\/posts"}],"about":[{"href":"https:\/\/blog.polityka.pl\/adamczewski\/wp-json\/wp\/v2\/types\/post"}],"author":[{"embeddable":true,"href":"https:\/\/blog.polityka.pl\/adamczewski\/wp-json\/wp\/v2\/users\/2"}],"replies":[{"embeddable":true,"href":"https:\/\/blog.polityka.pl\/adamczewski\/wp-json\/wp\/v2\/comments?post=103"}],"version-history":[{"count":0,"href":"https:\/\/blog.polityka.pl\/adamczewski\/wp-json\/wp\/v2\/posts\/103\/revisions"}],"wp:attachment":[{"href":"https:\/\/blog.polityka.pl\/adamczewski\/wp-json\/wp\/v2\/media?parent=103"}],"wp:term":[{"taxonomy":"category","embeddable":true,"href":"https:\/\/blog.polityka.pl\/adamczewski\/wp-json\/wp\/v2\/categories?post=103"},{"taxonomy":"post_tag","embeddable":true,"href":"https:\/\/blog.polityka.pl\/adamczewski\/wp-json\/wp\/v2\/tags?post=103"}],"curies":[{"name":"wp","href":"https:\/\/api.w.org\/{rel}","templated":true}]}}