
{"id":10302,"date":"2009-07-13T06:52:08","date_gmt":"2009-07-13T05:52:08","guid":{"rendered":"http:\/\/adamczewscy.pl\/?p=2534"},"modified":"2009-07-13T06:52:08","modified_gmt":"2009-07-13T05:52:08","slug":"kotlety-z-jaj-na-twardo","status":"publish","type":"post","link":"https:\/\/blog.polityka.pl\/adamczewski\/2009\/07\/13\/kotlety-z-jaj-na-twardo\/","title":{"rendered":"Kotlety z jaj na twardo"},"content":{"rendered":"<p><em>(6 porcji)<\/p>\n<p>10 jaj, \u0142y\u017cka mas\u0142a, \u0142y\u017cka m\u0105ki, szklanka mleka, s\u00f3l, pieprz, 2 \u0142y\u017cki siekanego kopru lub szczypiorku<br \/>\ndo panierowania: ok. p\u00f3\u0142 szklanki tartej bu\u0142ki<br \/>\ndo sma\u017cenia: \u0142y\u017cka mas\u0142a i 6 \u0142y\u017cek oliwy lub oleju<\/em><\/p>\n<p>1. Ugotowa\u0107 na twardo 8 jaj. Ostudzi\u0107, obra\u0107 ze skorupek i posieka\u0107.<br \/>\n2. W garnuszku rozpu\u015bci\u0107 \u0142y\u017ck\u0119 mas\u0142a, doda\u0107 m\u0105k\u0119, mleko i ugotowa\u0107 g\u0119sty beszamel.<br \/>\n3. Do beszamelu doda\u0107 posiekane jaja na twardo oraz dwa jaja surowe, szczypior lub koper, doprawi\u0107 sol\u0105 i pieprzem.<br \/>\n4. Formowa\u0107 niedu\u017ce kotlety, obtacza\u0107 w tartej bu\u0142ce i sma\u017cy\u0107 na mieszance mas\u0142a z olejem, rumieni\u0105c z obu stron.<\/p>\n","protected":false},"excerpt":{"rendered":"<p>(6 porcji) 10 jaj, \u0142y\u017cka mas\u0142a, \u0142y\u017cka m\u0105ki, szklanka mleka, s\u00f3l, pieprz, 2 \u0142y\u017cki siekanego kopru lub szczypiorku do panierowania: ok. p\u00f3\u0142 szklanki tartej bu\u0142ki do sma\u017cenia: \u0142y\u017cka mas\u0142a i 6 \u0142y\u017cek oliwy lub oleju 1. Ugotowa\u0107 na twardo 8 jaj. Ostudzi\u0107, obra\u0107 ze skorupek i posieka\u0107. 2. W garnuszku rozpu\u015bci\u0107 \u0142y\u017ck\u0119 mas\u0142a, doda\u0107 m\u0105k\u0119, [&hellip;]<\/p>\n","protected":false},"author":2,"featured_media":0,"comment_status":"open","ping_status":"open","sticky":false,"template":"","format":"standard","meta":{"footnotes":""},"categories":[1],"tags":[],"_links":{"self":[{"href":"https:\/\/blog.polityka.pl\/adamczewski\/wp-json\/wp\/v2\/posts\/10302"}],"collection":[{"href":"https:\/\/blog.polityka.pl\/adamczewski\/wp-json\/wp\/v2\/posts"}],"about":[{"href":"https:\/\/blog.polityka.pl\/adamczewski\/wp-json\/wp\/v2\/types\/post"}],"author":[{"embeddable":true,"href":"https:\/\/blog.polityka.pl\/adamczewski\/wp-json\/wp\/v2\/users\/2"}],"replies":[{"embeddable":true,"href":"https:\/\/blog.polityka.pl\/adamczewski\/wp-json\/wp\/v2\/comments?post=10302"}],"version-history":[{"count":0,"href":"https:\/\/blog.polityka.pl\/adamczewski\/wp-json\/wp\/v2\/posts\/10302\/revisions"}],"wp:attachment":[{"href":"https:\/\/blog.polityka.pl\/adamczewski\/wp-json\/wp\/v2\/media?parent=10302"}],"wp:term":[{"taxonomy":"category","embeddable":true,"href":"https:\/\/blog.polityka.pl\/adamczewski\/wp-json\/wp\/v2\/categories?post=10302"},{"taxonomy":"post_tag","embeddable":true,"href":"https:\/\/blog.polityka.pl\/adamczewski\/wp-json\/wp\/v2\/tags?post=10302"}],"curies":[{"name":"wp","href":"https:\/\/api.w.org\/{rel}","templated":true}]}}