
{"id":10304,"date":"2009-07-13T06:53:45","date_gmt":"2009-07-13T05:53:45","guid":{"rendered":"http:\/\/adamczewscy.pl\/?p=2536"},"modified":"2009-07-13T06:53:45","modified_gmt":"2009-07-13T05:53:45","slug":"kokardki-z-sosem-orzechowym","status":"publish","type":"post","link":"https:\/\/blog.polityka.pl\/adamczewski\/2009\/07\/13\/kokardki-z-sosem-orzechowym\/","title":{"rendered":"Kokardki z sosem orzechowym"},"content":{"rendered":"<p><em>Paczka kokardek, 8 \u0142y\u017cek g\u0119stej \u015bmietany, 3 \u017c\u00f3\u0142tka, szklanka zmielonych lub posiekanych orzech\u00f3w w\u0142oskich,  niepe\u0142na szklanka startego parmezanu, s\u00f3l, 2 \u0142y\u017cki mas\u0142a<\/em><\/p>\n<p>1. Wymiesza\u0107 na dnie du\u017cej miski mielone orzechy, \u015bmietan\u0119 oraz \u017c\u00f3\u0142tka i starty parmezan na jednolit\u0105 mas\u0119.<br \/>\n2. Ugotowa\u0107 makaron w du\u017cej ilo\u015bci osolonej wody.<br \/>\n3. Odcedzony, bardzo gor\u0105cy makaron w\u0142o\u017cy\u0107 do miski z sosem, pola\u0107 gor\u0105cym stopionym mas\u0142em i wszystko razem wymiesza\u0107 przy pomocy dw\u00f3ch widelc\u00f3w.<br \/>\nPodawa\u0107 od razu, bardzo gor\u0105ce.<\/p>\n","protected":false},"excerpt":{"rendered":"<p>Paczka kokardek, 8 \u0142y\u017cek g\u0119stej \u015bmietany, 3 \u017c\u00f3\u0142tka, szklanka zmielonych lub posiekanych orzech\u00f3w w\u0142oskich, niepe\u0142na szklanka startego parmezanu, s\u00f3l, 2 \u0142y\u017cki mas\u0142a 1. Wymiesza\u0107 na dnie du\u017cej miski mielone orzechy, \u015bmietan\u0119 oraz \u017c\u00f3\u0142tka i starty parmezan na jednolit\u0105 mas\u0119. 2. Ugotowa\u0107 makaron w du\u017cej ilo\u015bci osolonej wody. 3. Odcedzony, bardzo gor\u0105cy makaron w\u0142o\u017cy\u0107 do miski [&hellip;]<\/p>\n","protected":false},"author":2,"featured_media":0,"comment_status":"open","ping_status":"open","sticky":false,"template":"","format":"standard","meta":{"footnotes":""},"categories":[1],"tags":[],"_links":{"self":[{"href":"https:\/\/blog.polityka.pl\/adamczewski\/wp-json\/wp\/v2\/posts\/10304"}],"collection":[{"href":"https:\/\/blog.polityka.pl\/adamczewski\/wp-json\/wp\/v2\/posts"}],"about":[{"href":"https:\/\/blog.polityka.pl\/adamczewski\/wp-json\/wp\/v2\/types\/post"}],"author":[{"embeddable":true,"href":"https:\/\/blog.polityka.pl\/adamczewski\/wp-json\/wp\/v2\/users\/2"}],"replies":[{"embeddable":true,"href":"https:\/\/blog.polityka.pl\/adamczewski\/wp-json\/wp\/v2\/comments?post=10304"}],"version-history":[{"count":0,"href":"https:\/\/blog.polityka.pl\/adamczewski\/wp-json\/wp\/v2\/posts\/10304\/revisions"}],"wp:attachment":[{"href":"https:\/\/blog.polityka.pl\/adamczewski\/wp-json\/wp\/v2\/media?parent=10304"}],"wp:term":[{"taxonomy":"category","embeddable":true,"href":"https:\/\/blog.polityka.pl\/adamczewski\/wp-json\/wp\/v2\/categories?post=10304"},{"taxonomy":"post_tag","embeddable":true,"href":"https:\/\/blog.polityka.pl\/adamczewski\/wp-json\/wp\/v2\/tags?post=10304"}],"curies":[{"name":"wp","href":"https:\/\/api.w.org\/{rel}","templated":true}]}}