
{"id":10305,"date":"2009-07-13T06:57:50","date_gmt":"2009-07-13T05:57:50","guid":{"rendered":"http:\/\/adamczewscy.pl\/?p=2537"},"modified":"2009-07-13T06:57:50","modified_gmt":"2009-07-13T05:57:50","slug":"indyk-z-ananasem","status":"publish","type":"post","link":"https:\/\/blog.polityka.pl\/adamczewski\/2009\/07\/13\/indyk-z-ananasem\/","title":{"rendered":"Indyk z ananasem"},"content":{"rendered":"<p><em>(8 porcji)<\/p>\n<p>1 1\/2 kg indyczej piersi w jednym kawa\u0142ku, s\u00f3l, pieprz (najlepiej bia\u0142y), 2 \u0142y\u017ceczki mas\u0142a, ananas w puszce<\/em><\/p>\n<p>1. Indycz\u0105 pier\u015b umy\u0107, wytrze\u0107 papierowym kuchennym r\u0119cznikiem, posypa\u0107 sol\u0105 i pieprzem.<br \/>\n2. Otworzy\u0107 puszk\u0119 ananasa i ostro\u017cnie wyj\u0105\u0107 plastry. P\u0142yn pozostawi\u0107.<br \/>\n3. Ponacina\u0107 pier\u015b indycz\u0105 w tylu miejscach,  ile b\u0119dzie mie\u0107 po\u0142\u00f3wek plastr\u00f3w.<br \/>\n4. W ka\u017cde naci\u0119cie w\u0142o\u017cy\u0107 po\u0142\u00f3wk\u0119 plastra ananasa. Mi\u0119so obwi\u0105za\u0107 bawe\u0142nian\u0105 nici\u0105 w taki spos\u00f3b, aby plastry nie wypad\u0142y.<br \/>\n5. Mi\u0119so u\u0142o\u017cy\u0107 w brytfannie i ob\u0142o\u017cy\u0107 kawa\u0142eczkami mas\u0142a, skropi\u0107 sokiem z puszki ananasa.<br \/>\n6. Piec, a\u017c mi\u0119so b\u0119dzie mi\u0119kkie, polewaj\u0105c sosem wytwarzaj\u0105cym si\u0119 w czasie pieczenia. Mo\u017cna przez pewien czas piec mi\u0119so nakryte (nieszczelnie) foli\u0105 aluminiow\u0105, a dopiero kiedy zacznie mi\u0119kn\u0105\u0107 odkry\u0107, staraj\u0105c si\u0119, aby nabra\u0142o z\u0142ocistego koloru.<\/p>\n","protected":false},"excerpt":{"rendered":"<p>(8 porcji) 1 1\/2 kg indyczej piersi w jednym kawa\u0142ku, s\u00f3l, pieprz (najlepiej bia\u0142y), 2 \u0142y\u017ceczki mas\u0142a, ananas w puszce 1. Indycz\u0105 pier\u015b umy\u0107, wytrze\u0107 papierowym kuchennym r\u0119cznikiem, posypa\u0107 sol\u0105 i pieprzem. 2. Otworzy\u0107 puszk\u0119 ananasa i ostro\u017cnie wyj\u0105\u0107 plastry. P\u0142yn pozostawi\u0107. 3. Ponacina\u0107 pier\u015b indycz\u0105 w tylu miejscach, ile b\u0119dzie mie\u0107 po\u0142\u00f3wek plastr\u00f3w. 4. [&hellip;]<\/p>\n","protected":false},"author":2,"featured_media":0,"comment_status":"open","ping_status":"open","sticky":false,"template":"","format":"standard","meta":{"footnotes":""},"categories":[1],"tags":[],"_links":{"self":[{"href":"https:\/\/blog.polityka.pl\/adamczewski\/wp-json\/wp\/v2\/posts\/10305"}],"collection":[{"href":"https:\/\/blog.polityka.pl\/adamczewski\/wp-json\/wp\/v2\/posts"}],"about":[{"href":"https:\/\/blog.polityka.pl\/adamczewski\/wp-json\/wp\/v2\/types\/post"}],"author":[{"embeddable":true,"href":"https:\/\/blog.polityka.pl\/adamczewski\/wp-json\/wp\/v2\/users\/2"}],"replies":[{"embeddable":true,"href":"https:\/\/blog.polityka.pl\/adamczewski\/wp-json\/wp\/v2\/comments?post=10305"}],"version-history":[{"count":0,"href":"https:\/\/blog.polityka.pl\/adamczewski\/wp-json\/wp\/v2\/posts\/10305\/revisions"}],"wp:attachment":[{"href":"https:\/\/blog.polityka.pl\/adamczewski\/wp-json\/wp\/v2\/media?parent=10305"}],"wp:term":[{"taxonomy":"category","embeddable":true,"href":"https:\/\/blog.polityka.pl\/adamczewski\/wp-json\/wp\/v2\/categories?post=10305"},{"taxonomy":"post_tag","embeddable":true,"href":"https:\/\/blog.polityka.pl\/adamczewski\/wp-json\/wp\/v2\/tags?post=10305"}],"curies":[{"name":"wp","href":"https:\/\/api.w.org\/{rel}","templated":true}]}}